{"id":1206,"date":"2019-05-28T09:19:32","date_gmt":"2019-05-28T09:19:32","guid":{"rendered":"http:\/\/www.mafsz.hu\/?p=1206"},"modified":"2019-05-28T09:19:51","modified_gmt":"2019-05-28T09:19:51","slug":"iii-het-domb-filmfesztival","status":"publish","type":"post","link":"https:\/\/www.mafsz.hu\/index.php\/2019\/05\/28\/iii-het-domb-filmfesztival\/","title":{"rendered":"III. H\u00e9t Domb Filmfesztiv\u00e1l"},"content":{"rendered":"<p>Megny\u00edlt a lehet\u0151s\u00e9g az alkot\u00f3k el\u0151tt, hogy filmjeiket nevezz\u00e9k a szeptember 9-15 k\u00f6z\u00f6tt megrendez\u00e9sre ker\u00fcl\u0151 III. H\u00e9t Domb Filmfesztiv\u00e1lra.<!--more--><\/p>\n<p>A szervez\u0151k hat feln\u0151tt \u00e9s egy di\u00e1k kateg\u00f3ri\u00e1ban v\u00e1rj\u00e1k a filmk\u00e9sz\u00edt\u0151k nevez\u00e9seit. Az alkot\u00e1sokat neves zs\u0171ri fogja elb\u00edr\u00e1lni: Ternovszky B\u00e9la a zs\u0171ri eln\u00f6ke, Thur\u00f3czy Szabolcs \u00e9s Reviczky G\u00e1bor tagok (De\u00e1k Krist\u00f3f egy\u00e9b elfoglalts\u00e1ga miatt &#8211; nagy sajn\u00e1lat\u00e1ra &#8211; nem tudja v\u00e1llalni a zs\u0171ritags\u00e1got, de a j\u00f6v\u0151 \u00e9vi fesztiv\u00e1lon r\u00e9szt vesz a zs\u0171riben). A di\u00e1k kateg\u00f3ri\u00e1t pedig Dr. Gyenes Zsolt vezet\u00e9s\u00e9vel Kis-Marics Tam\u00e1s \u00e9s Obrobina Tam\u00e1s fogja \u00e9rt\u00e9kelni.<\/p>\n<p>Az el\u0151z\u0151 \u00e9vhez hasonl\u00f3an anim\u00e1ci\u00f3, ismeretterjeszt\u0151- \u00e9s term\u00e9szetfilm, dokumentumfilm, kisj\u00e1t\u00e9kfilm, nagyj\u00e1t\u00e9kfilm, egy\u00e9b \u00e9s gyermekfilm kateg\u00f3ri\u00e1ban lehet ind\u00edtani alkot\u00e1sokat a fesztiv\u00e1lra.<\/p>\n<h3>A nevez\u00e9si hat\u00e1rid\u0151: 2019. j\u00fanius 15., 24.00 \u00f3ra.<\/h3>\n<p>A fesztiv\u00e1lra 2018. janu\u00e1r 1. ut\u00e1n k\u00e9sz\u00fclt \u00e9s teljes eg\u00e9sz\u00e9ben befejezett alkot\u00e1sok nevezhet\u0151k be, melyek Magyarorsz\u00e1gon, vagy hat\u00e1ron t\u00falon k\u00e9sz\u00fcltek \u00e9s az alkot\u00e1s is magyar anyanyelv\u0171.<\/p>\n<p>A r\u00e9szv\u00e9telnek nem felt\u00e9tele, hogy a benevezett film b\u00e1rmilyen audiovizu\u00e1lis t\u00f6megkommunik\u00e1ci\u00f3s csatorn\u00e1n el\u0151zetesen szerepeljen, illetve nem kiz\u00e1r\u00f3 ok, ha m\u00e1s filmfesztiv\u00e1lon m\u00e1r szerepelt az alkot\u00e1s.<\/p>\n<p>A filmfesztiv\u00e1lra csak elektronikus \u00faton lehet jelentkezni. Az online jelentkez\u00e9si lap a <a href=\"http:\/\/hetdombfilmfesztival.hu\/hu\/\" target=\"_blank\" rel=\"noopener noreferrer\">hetdombfilmfesztival.hu<\/a> weboldalon regisztr\u00e1ci\u00f3 ut\u00e1n \u00e9rhet\u0151 el. A nevez\u00e9s a benevezett film \u0171rlapj\u00e1nak teljes kit\u00f6lt\u00e9se, \u00e9s a film felt\u00f6lt\u00e9s\u00e9vel v\u00e1lik teljess\u00e9. A film felt\u00f6lt\u00e9s\u00e9re csak az \u0171rlap kit\u00f6lt\u00e9se ut\u00e1n van m\u00f3d.<\/p>\n<p>Tov\u00e1bbi r\u00e9szletek a filmfesztiv\u00e1l <a href=\"http:\/\/hetdombfilmfesztival.hu\/hu\/\" target=\"_blank\" rel=\"noopener noreferrer\">honlapj\u00e1n<\/a> \u00e9rhet\u0151k el.<\/p>\n<p>Minden alkot\u00e1st nagy \u00e9rdekl\u0151d\u00e9ssel v\u00e1r a szervez\u0151bizotts\u00e1g.<\/p>\n","protected":false},"excerpt":{"rendered":"<p>Megny\u00edlt a lehet\u0151s\u00e9g az alkot\u00f3k el\u0151tt, hogy filmjeiket nevezz\u00e9k a szeptember 9-15 k\u00f6z\u00f6tt megrendez\u00e9sre ker\u00fcl\u0151 III. H\u00e9t Domb Filmfesztiv\u00e1lra.<\/p>\n","protected":false},"author":1,"featured_media":1207,"comment_status":"closed","ping_status":"open","sticky":false,"template":"","format":"standard","meta":{"_jetpack_memberships_contains_paid_content":false,"footnotes":""},"categories":[1],"tags":[237,17,238,86,18],"class_list":["post-1206","post","type-post","status-publish","format-standard","has-post-thumbnail","hentry","category-blog","tag-animacio","tag-fesztival","tag-ismeretterjeszto","tag-nevezes","tag-rovidfilm"],"yoast_head":"<!-- This site is optimized with the Yoast SEO plugin v27.0 - https:\/\/yoast.com\/product\/yoast-seo-wordpress\/ -->\n<title>III. H\u00e9t Domb Filmfesztiv\u00e1l - MAFSZ<\/title>\n<meta name=\"description\" content=\"A III. H\u00e9t Domb Filmfesztiv\u00e1l v\u00e1rja a nevez\u00e9seket a 2019. szeptember 9-15 k\u00f6z\u00f6tt megrendez\u00e9sre ker\u00fcl\u0151 koml\u00f3i fesztiv\u00e1lra.\" \/>\n<meta name=\"robots\" content=\"index, follow, max-snippet:-1, max-image-preview:large, max-video-preview:-1\" \/>\n<link rel=\"canonical\" href=\"https:\/\/www.mafsz.hu\/index.php\/2019\/05\/28\/iii-het-domb-filmfesztival\/\" \/>\n<meta property=\"og:locale\" content=\"hu_HU\" \/>\n<meta property=\"og:type\" content=\"article\" \/>\n<meta property=\"og:title\" content=\"III. H\u00e9t Domb Filmfesztiv\u00e1l - MAFSZ\" \/>\n<meta property=\"og:description\" content=\"A III. H\u00e9t Domb Filmfesztiv\u00e1l v\u00e1rja a nevez\u00e9seket a 2019. szeptember 9-15 k\u00f6z\u00f6tt megrendez\u00e9sre ker\u00fcl\u0151 koml\u00f3i fesztiv\u00e1lra.\" \/>\n<meta property=\"og:url\" content=\"https:\/\/www.mafsz.hu\/index.php\/2019\/05\/28\/iii-het-domb-filmfesztival\/\" \/>\n<meta property=\"og:site_name\" content=\"MAFSZ\" \/>\n<meta property=\"article:publisher\" content=\"https:\/\/www.facebook.com\/MAFSZ\/\" \/>\n<meta property=\"article:published_time\" content=\"2019-05-28T09:19:32+00:00\" \/>\n<meta property=\"article:modified_time\" content=\"2019-05-28T09:19:51+00:00\" \/>\n<meta property=\"og:image\" content=\"https:\/\/www.mafsz.hu\/wp-content\/uploads\/2019\/05\/hetdomb_fasztival.jpg\" \/>\n\t<meta property=\"og:image:width\" content=\"1920\" \/>\n\t<meta property=\"og:image:height\" content=\"1080\" \/>\n\t<meta property=\"og:image:type\" content=\"image\/jpeg\" \/>\n<meta name=\"author\" content=\"\u00c1d\u00e1m\" \/>\n<meta name=\"twitter:card\" content=\"summary_large_image\" \/>\n<meta name=\"twitter:label1\" content=\"Szerz\u0151:\" \/>\n\t<meta name=\"twitter:data1\" content=\"\u00c1d\u00e1m\" \/>\n\t<meta name=\"twitter:label2\" content=\"Becs\u00fclt olvas\u00e1si id\u0151\" \/>\n\t<meta name=\"twitter:data2\" content=\"2 perc\" \/>\n<script type=\"application\/ld+json\" class=\"yoast-schema-graph\">{\"@context\":\"https:\/\/schema.org\",\"@graph\":[{\"@type\":\"Article\",\"@id\":\"https:\/\/www.mafsz.hu\/index.php\/2019\/05\/28\/iii-het-domb-filmfesztival\/#article\",\"isPartOf\":{\"@id\":\"https:\/\/www.mafsz.hu\/index.php\/2019\/05\/28\/iii-het-domb-filmfesztival\/\"},\"author\":{\"name\":\"\u00c1d\u00e1m\",\"@id\":\"https:\/\/www.mafsz.hu\/#\/schema\/person\/549621f00f612642da9d7614098127b6\"},\"headline\":\"III. H\u00e9t Domb Filmfesztiv\u00e1l\",\"datePublished\":\"2019-05-28T09:19:32+00:00\",\"dateModified\":\"2019-05-28T09:19:51+00:00\",\"mainEntityOfPage\":{\"@id\":\"https:\/\/www.mafsz.hu\/index.php\/2019\/05\/28\/iii-het-domb-filmfesztival\/\"},\"wordCount\":354,\"publisher\":{\"@id\":\"https:\/\/www.mafsz.hu\/#organization\"},\"image\":{\"@id\":\"https:\/\/www.mafsz.hu\/index.php\/2019\/05\/28\/iii-het-domb-filmfesztival\/#primaryimage\"},\"thumbnailUrl\":\"https:\/\/www.mafsz.hu\/wp-content\/uploads\/2019\/05\/hetdomb_fasztival.jpg\",\"keywords\":[\"anim\u00e1ci\u00f3\",\"fesztiv\u00e1l\",\"ismeretterjeszt\u0151\",\"nevez\u00e9s\",\"r\u00f6vidfilm\"],\"articleSection\":[\"Blog\"],\"inLanguage\":\"hu\"},{\"@type\":\"WebPage\",\"@id\":\"https:\/\/www.mafsz.hu\/index.php\/2019\/05\/28\/iii-het-domb-filmfesztival\/\",\"url\":\"https:\/\/www.mafsz.hu\/index.php\/2019\/05\/28\/iii-het-domb-filmfesztival\/\",\"name\":\"III. H\u00e9t Domb Filmfesztiv\u00e1l - MAFSZ\",\"isPartOf\":{\"@id\":\"https:\/\/www.mafsz.hu\/#website\"},\"primaryImageOfPage\":{\"@id\":\"https:\/\/www.mafsz.hu\/index.php\/2019\/05\/28\/iii-het-domb-filmfesztival\/#primaryimage\"},\"image\":{\"@id\":\"https:\/\/www.mafsz.hu\/index.php\/2019\/05\/28\/iii-het-domb-filmfesztival\/#primaryimage\"},\"thumbnailUrl\":\"https:\/\/www.mafsz.hu\/wp-content\/uploads\/2019\/05\/hetdomb_fasztival.jpg\",\"datePublished\":\"2019-05-28T09:19:32+00:00\",\"dateModified\":\"2019-05-28T09:19:51+00:00\",\"description\":\"A III. H\u00e9t Domb Filmfesztiv\u00e1l v\u00e1rja a nevez\u00e9seket a 2019. szeptember 9-15 k\u00f6z\u00f6tt megrendez\u00e9sre ker\u00fcl\u0151 koml\u00f3i fesztiv\u00e1lra.\",\"breadcrumb\":{\"@id\":\"https:\/\/www.mafsz.hu\/index.php\/2019\/05\/28\/iii-het-domb-filmfesztival\/#breadcrumb\"},\"inLanguage\":\"hu\",\"potentialAction\":[{\"@type\":\"ReadAction\",\"target\":[\"https:\/\/www.mafsz.hu\/index.php\/2019\/05\/28\/iii-het-domb-filmfesztival\/\"]}]},{\"@type\":\"ImageObject\",\"inLanguage\":\"hu\",\"@id\":\"https:\/\/www.mafsz.hu\/index.php\/2019\/05\/28\/iii-het-domb-filmfesztival\/#primaryimage\",\"url\":\"https:\/\/www.mafsz.hu\/wp-content\/uploads\/2019\/05\/hetdomb_fasztival.jpg\",\"contentUrl\":\"https:\/\/www.mafsz.hu\/wp-content\/uploads\/2019\/05\/hetdomb_fasztival.jpg\",\"width\":1920,\"height\":1080},{\"@type\":\"BreadcrumbList\",\"@id\":\"https:\/\/www.mafsz.hu\/index.php\/2019\/05\/28\/iii-het-domb-filmfesztival\/#breadcrumb\",\"itemListElement\":[{\"@type\":\"ListItem\",\"position\":1,\"name\":\"Home\",\"item\":\"https:\/\/www.mafsz.hu\/\"},{\"@type\":\"ListItem\",\"position\":2,\"name\":\"III. H\u00e9t Domb Filmfesztiv\u00e1l\"}]},{\"@type\":\"WebSite\",\"@id\":\"https:\/\/www.mafsz.hu\/#website\",\"url\":\"https:\/\/www.mafsz.hu\/\",\"name\":\"MAFSZ - Magyar F\u00fcggetlen Film \u00e9s Vide\u00f3 Sz\u00f6vets\u00e9g\",\"description\":\"Magyar F\u00fcggetlen Film \u00e9s Video Sz\u00f6vets\u00e9g\",\"publisher\":{\"@id\":\"https:\/\/www.mafsz.hu\/#organization\"},\"potentialAction\":[{\"@type\":\"SearchAction\",\"target\":{\"@type\":\"EntryPoint\",\"urlTemplate\":\"https:\/\/www.mafsz.hu\/?s={search_term_string}\"},\"query-input\":{\"@type\":\"PropertyValueSpecification\",\"valueRequired\":true,\"valueName\":\"search_term_string\"}}],\"inLanguage\":\"hu\"},{\"@type\":\"Organization\",\"@id\":\"https:\/\/www.mafsz.hu\/#organization\",\"name\":\"Magyar F\u00fcggetlen Film \u00e9s Video Sz\u00f6vets\u00e9g\",\"url\":\"https:\/\/www.mafsz.hu\/\",\"logo\":{\"@type\":\"ImageObject\",\"inLanguage\":\"hu\",\"@id\":\"https:\/\/www.mafsz.hu\/#\/schema\/logo\/image\/\",\"url\":\"https:\/\/www.mafsz.hu\/wp-content\/uploads\/2019\/01\/Mafszlogo_ff_72dpi_2018.jpg\",\"contentUrl\":\"https:\/\/www.mafsz.hu\/wp-content\/uploads\/2019\/01\/Mafszlogo_ff_72dpi_2018.jpg\",\"width\":724,\"height\":705,\"caption\":\"Magyar F\u00fcggetlen Film \u00e9s Video Sz\u00f6vets\u00e9g\"},\"image\":{\"@id\":\"https:\/\/www.mafsz.hu\/#\/schema\/logo\/image\/\"},\"sameAs\":[\"https:\/\/www.facebook.com\/MAFSZ\/\",\"https:\/\/www.instagram.com\/mafsz31\",\"https:\/\/www.youtube.com\/channel\/UC0VaPk-iRomi0S1rTqAlFZg\"]},{\"@type\":\"Person\",\"@id\":\"https:\/\/www.mafsz.hu\/#\/schema\/person\/549621f00f612642da9d7614098127b6\",\"name\":\"\u00c1d\u00e1m\",\"image\":{\"@type\":\"ImageObject\",\"inLanguage\":\"hu\",\"@id\":\"https:\/\/www.mafsz.hu\/#\/schema\/person\/image\/\",\"url\":\"https:\/\/secure.gravatar.com\/avatar\/11851bdb003bd7ae9fda99bf3c88a91b2b9b3e4daf19e1eecae1145adbc699f6?s=96&d=identicon&r=g\",\"contentUrl\":\"https:\/\/secure.gravatar.com\/avatar\/11851bdb003bd7ae9fda99bf3c88a91b2b9b3e4daf19e1eecae1145adbc699f6?s=96&d=identicon&r=g\",\"caption\":\"\u00c1d\u00e1m\"}}]}<\/script>\n<!-- \/ Yoast SEO plugin. -->","yoast_head_json":{"title":"III. H\u00e9t Domb Filmfesztiv\u00e1l - MAFSZ","description":"A III. H\u00e9t Domb Filmfesztiv\u00e1l v\u00e1rja a nevez\u00e9seket a 2019. szeptember 9-15 k\u00f6z\u00f6tt megrendez\u00e9sre ker\u00fcl\u0151 koml\u00f3i fesztiv\u00e1lra.","robots":{"index":"index","follow":"follow","max-snippet":"max-snippet:-1","max-image-preview":"max-image-preview:large","max-video-preview":"max-video-preview:-1"},"canonical":"https:\/\/www.mafsz.hu\/index.php\/2019\/05\/28\/iii-het-domb-filmfesztival\/","og_locale":"hu_HU","og_type":"article","og_title":"III. H\u00e9t Domb Filmfesztiv\u00e1l - MAFSZ","og_description":"A III. H\u00e9t Domb Filmfesztiv\u00e1l v\u00e1rja a nevez\u00e9seket a 2019. szeptember 9-15 k\u00f6z\u00f6tt megrendez\u00e9sre ker\u00fcl\u0151 koml\u00f3i fesztiv\u00e1lra.","og_url":"https:\/\/www.mafsz.hu\/index.php\/2019\/05\/28\/iii-het-domb-filmfesztival\/","og_site_name":"MAFSZ","article_publisher":"https:\/\/www.facebook.com\/MAFSZ\/","article_published_time":"2019-05-28T09:19:32+00:00","article_modified_time":"2019-05-28T09:19:51+00:00","og_image":[{"width":1920,"height":1080,"url":"https:\/\/www.mafsz.hu\/wp-content\/uploads\/2019\/05\/hetdomb_fasztival.jpg","type":"image\/jpeg"}],"author":"\u00c1d\u00e1m","twitter_card":"summary_large_image","twitter_misc":{"Szerz\u0151:":"\u00c1d\u00e1m","Becs\u00fclt olvas\u00e1si id\u0151":"2 perc"},"schema":{"@context":"https:\/\/schema.org","@graph":[{"@type":"Article","@id":"https:\/\/www.mafsz.hu\/index.php\/2019\/05\/28\/iii-het-domb-filmfesztival\/#article","isPartOf":{"@id":"https:\/\/www.mafsz.hu\/index.php\/2019\/05\/28\/iii-het-domb-filmfesztival\/"},"author":{"name":"\u00c1d\u00e1m","@id":"https:\/\/www.mafsz.hu\/#\/schema\/person\/549621f00f612642da9d7614098127b6"},"headline":"III. H\u00e9t Domb Filmfesztiv\u00e1l","datePublished":"2019-05-28T09:19:32+00:00","dateModified":"2019-05-28T09:19:51+00:00","mainEntityOfPage":{"@id":"https:\/\/www.mafsz.hu\/index.php\/2019\/05\/28\/iii-het-domb-filmfesztival\/"},"wordCount":354,"publisher":{"@id":"https:\/\/www.mafsz.hu\/#organization"},"image":{"@id":"https:\/\/www.mafsz.hu\/index.php\/2019\/05\/28\/iii-het-domb-filmfesztival\/#primaryimage"},"thumbnailUrl":"https:\/\/www.mafsz.hu\/wp-content\/uploads\/2019\/05\/hetdomb_fasztival.jpg","keywords":["anim\u00e1ci\u00f3","fesztiv\u00e1l","ismeretterjeszt\u0151","nevez\u00e9s","r\u00f6vidfilm"],"articleSection":["Blog"],"inLanguage":"hu"},{"@type":"WebPage","@id":"https:\/\/www.mafsz.hu\/index.php\/2019\/05\/28\/iii-het-domb-filmfesztival\/","url":"https:\/\/www.mafsz.hu\/index.php\/2019\/05\/28\/iii-het-domb-filmfesztival\/","name":"III. H\u00e9t Domb Filmfesztiv\u00e1l - MAFSZ","isPartOf":{"@id":"https:\/\/www.mafsz.hu\/#website"},"primaryImageOfPage":{"@id":"https:\/\/www.mafsz.hu\/index.php\/2019\/05\/28\/iii-het-domb-filmfesztival\/#primaryimage"},"image":{"@id":"https:\/\/www.mafsz.hu\/index.php\/2019\/05\/28\/iii-het-domb-filmfesztival\/#primaryimage"},"thumbnailUrl":"https:\/\/www.mafsz.hu\/wp-content\/uploads\/2019\/05\/hetdomb_fasztival.jpg","datePublished":"2019-05-28T09:19:32+00:00","dateModified":"2019-05-28T09:19:51+00:00","description":"A III. H\u00e9t Domb Filmfesztiv\u00e1l v\u00e1rja a nevez\u00e9seket a 2019. szeptember 9-15 k\u00f6z\u00f6tt megrendez\u00e9sre ker\u00fcl\u0151 koml\u00f3i fesztiv\u00e1lra.","breadcrumb":{"@id":"https:\/\/www.mafsz.hu\/index.php\/2019\/05\/28\/iii-het-domb-filmfesztival\/#breadcrumb"},"inLanguage":"hu","potentialAction":[{"@type":"ReadAction","target":["https:\/\/www.mafsz.hu\/index.php\/2019\/05\/28\/iii-het-domb-filmfesztival\/"]}]},{"@type":"ImageObject","inLanguage":"hu","@id":"https:\/\/www.mafsz.hu\/index.php\/2019\/05\/28\/iii-het-domb-filmfesztival\/#primaryimage","url":"https:\/\/www.mafsz.hu\/wp-content\/uploads\/2019\/05\/hetdomb_fasztival.jpg","contentUrl":"https:\/\/www.mafsz.hu\/wp-content\/uploads\/2019\/05\/hetdomb_fasztival.jpg","width":1920,"height":1080},{"@type":"BreadcrumbList","@id":"https:\/\/www.mafsz.hu\/index.php\/2019\/05\/28\/iii-het-domb-filmfesztival\/#breadcrumb","itemListElement":[{"@type":"ListItem","position":1,"name":"Home","item":"https:\/\/www.mafsz.hu\/"},{"@type":"ListItem","position":2,"name":"III. H\u00e9t Domb Filmfesztiv\u00e1l"}]},{"@type":"WebSite","@id":"https:\/\/www.mafsz.hu\/#website","url":"https:\/\/www.mafsz.hu\/","name":"MAFSZ - Magyar F\u00fcggetlen Film \u00e9s Vide\u00f3 Sz\u00f6vets\u00e9g","description":"Magyar F\u00fcggetlen Film \u00e9s Video Sz\u00f6vets\u00e9g","publisher":{"@id":"https:\/\/www.mafsz.hu\/#organization"},"potentialAction":[{"@type":"SearchAction","target":{"@type":"EntryPoint","urlTemplate":"https:\/\/www.mafsz.hu\/?s={search_term_string}"},"query-input":{"@type":"PropertyValueSpecification","valueRequired":true,"valueName":"search_term_string"}}],"inLanguage":"hu"},{"@type":"Organization","@id":"https:\/\/www.mafsz.hu\/#organization","name":"Magyar F\u00fcggetlen Film \u00e9s Video Sz\u00f6vets\u00e9g","url":"https:\/\/www.mafsz.hu\/","logo":{"@type":"ImageObject","inLanguage":"hu","@id":"https:\/\/www.mafsz.hu\/#\/schema\/logo\/image\/","url":"https:\/\/www.mafsz.hu\/wp-content\/uploads\/2019\/01\/Mafszlogo_ff_72dpi_2018.jpg","contentUrl":"https:\/\/www.mafsz.hu\/wp-content\/uploads\/2019\/01\/Mafszlogo_ff_72dpi_2018.jpg","width":724,"height":705,"caption":"Magyar F\u00fcggetlen Film \u00e9s Video Sz\u00f6vets\u00e9g"},"image":{"@id":"https:\/\/www.mafsz.hu\/#\/schema\/logo\/image\/"},"sameAs":["https:\/\/www.facebook.com\/MAFSZ\/","https:\/\/www.instagram.com\/mafsz31","https:\/\/www.youtube.com\/channel\/UC0VaPk-iRomi0S1rTqAlFZg"]},{"@type":"Person","@id":"https:\/\/www.mafsz.hu\/#\/schema\/person\/549621f00f612642da9d7614098127b6","name":"\u00c1d\u00e1m","image":{"@type":"ImageObject","inLanguage":"hu","@id":"https:\/\/www.mafsz.hu\/#\/schema\/person\/image\/","url":"https:\/\/secure.gravatar.com\/avatar\/11851bdb003bd7ae9fda99bf3c88a91b2b9b3e4daf19e1eecae1145adbc699f6?s=96&d=identicon&r=g","contentUrl":"https:\/\/secure.gravatar.com\/avatar\/11851bdb003bd7ae9fda99bf3c88a91b2b9b3e4daf19e1eecae1145adbc699f6?s=96&d=identicon&r=g","caption":"\u00c1d\u00e1m"}}]}},"jetpack_featured_media_url":"https:\/\/www.mafsz.hu\/wp-content\/uploads\/2019\/05\/hetdomb_fasztival.jpg","jetpack_sharing_enabled":true,"_links":{"self":[{"href":"https:\/\/www.mafsz.hu\/index.php\/wp-json\/wp\/v2\/posts\/1206","targetHints":{"allow":["GET"]}}],"collection":[{"href":"https:\/\/www.mafsz.hu\/index.php\/wp-json\/wp\/v2\/posts"}],"about":[{"href":"https:\/\/www.mafsz.hu\/index.php\/wp-json\/wp\/v2\/types\/post"}],"author":[{"embeddable":true,"href":"https:\/\/www.mafsz.hu\/index.php\/wp-json\/wp\/v2\/users\/1"}],"replies":[{"embeddable":true,"href":"https:\/\/www.mafsz.hu\/index.php\/wp-json\/wp\/v2\/comments?post=1206"}],"version-history":[{"count":2,"href":"https:\/\/www.mafsz.hu\/index.php\/wp-json\/wp\/v2\/posts\/1206\/revisions"}],"predecessor-version":[{"id":1209,"href":"https:\/\/www.mafsz.hu\/index.php\/wp-json\/wp\/v2\/posts\/1206\/revisions\/1209"}],"wp:featuredmedia":[{"embeddable":true,"href":"https:\/\/www.mafsz.hu\/index.php\/wp-json\/wp\/v2\/media\/1207"}],"wp:attachment":[{"href":"https:\/\/www.mafsz.hu\/index.php\/wp-json\/wp\/v2\/media?parent=1206"}],"wp:term":[{"taxonomy":"category","embeddable":true,"href":"https:\/\/www.mafsz.hu\/index.php\/wp-json\/wp\/v2\/categories?post=1206"},{"taxonomy":"post_tag","embeddable":true,"href":"https:\/\/www.mafsz.hu\/index.php\/wp-json\/wp\/v2\/tags?post=1206"}],"curies":[{"name":"wp","href":"https:\/\/api.w.org\/{rel}","templated":true}]}}