{"id":1299,"date":"2019-09-02T11:39:36","date_gmt":"2019-09-02T11:39:36","guid":{"rendered":"http:\/\/www.mafsz.hu\/?p=1299"},"modified":"2019-10-13T14:42:03","modified_gmt":"2019-10-13T14:42:03","slug":"amennyiben-szeretnel-szallast-foglalni-az-alabbi-urlap-kitoltesevel-megteheted","status":"publish","type":"post","link":"https:\/\/www.mafsz.hu\/index.php\/2019\/09\/02\/amennyiben-szeretnel-szallast-foglalni-az-alabbi-urlap-kitoltesevel-megteheted\/","title":{"rendered":"Sz\u00e1ll\u00e1s foglal\u00e1s"},"content":{"rendered":"<p>Amennyiben szeretn\u00e9l sz\u00e1ll\u00e1st foglalni, az al\u00e1bbi \u0171rlap kit\u00f6lt\u00e9s\u00e9vel megteheted.<!--more--><\/p>\n<p>Helysz\u00edn: Szentesi \u00fcd\u00fcl\u0151k\u00f6zpont<\/p>\n<p>A sz\u00e1ll\u00e1s d\u00edja:<br \/>\n&#8211; 4 f\u0151s k\u0151h\u00e1z eset\u00e9n 5000 Ft \/ f\u0151 \/ \u00e9j + IFA<br \/>\n&#8211; 2 f\u0151s k\u0151h\u00e1z eset\u00e9n 7000Ft \/ f\u0151 \/ \u00e9j + IFA<\/p>\n<p>MAFSZ tagoknak a sz\u00e1ll\u00e1sra 1000 Ft \/ \u00e9jszaka kedvezm\u00e9nyt adunk.<\/p>\n<h4 style=\"text-align: center;\"><strong><span style=\"color: #000000;\">LEZ\u00c1RTUK A SZ\u00c1LL\u00c1S FOGLAL\u00c1ST!<\/span><\/strong><\/h4>\n","protected":false},"excerpt":{"rendered":"<p>Amennyiben szeretn\u00e9l sz\u00e1ll\u00e1st foglalni, az al\u00e1bbi \u0171rlap kit\u00f6lt\u00e9s\u00e9vel megteheted.<\/p>\n","protected":false},"author":1,"featured_media":1437,"comment_status":"closed","ping_status":"open","sticky":false,"template":"","format":"standard","meta":{"_jetpack_memberships_contains_paid_content":false,"footnotes":""},"categories":[256],"tags":[17,260,258,259],"class_list":["post-1299","post","type-post","status-publish","format-standard","has-post-thumbnail","hentry","category-64-orszagos-fuggetlenfilm-fesztival","tag-fesztival","tag-mafsz","tag-szallas","tag-szentes"],"yoast_head":"<!-- This site is optimized with the Yoast SEO plugin v27.0 - https:\/\/yoast.com\/product\/yoast-seo-wordpress\/ -->\n<title>Sz\u00e1ll\u00e1s foglal\u00e1s - MAFSZ<\/title>\n<meta name=\"robots\" content=\"index, follow, max-snippet:-1, max-image-preview:large, max-video-preview:-1\" \/>\n<link rel=\"canonical\" href=\"https:\/\/www.mafsz.hu\/index.php\/2019\/09\/02\/amennyiben-szeretnel-szallast-foglalni-az-alabbi-urlap-kitoltesevel-megteheted\/\" \/>\n<meta property=\"og:locale\" content=\"hu_HU\" \/>\n<meta property=\"og:type\" content=\"article\" \/>\n<meta property=\"og:title\" content=\"Sz\u00e1ll\u00e1s foglal\u00e1s - MAFSZ\" \/>\n<meta property=\"og:description\" content=\"Amennyiben szeretn\u00e9l sz\u00e1ll\u00e1st foglalni, az al\u00e1bbi \u0171rlap kit\u00f6lt\u00e9s\u00e9vel megteheted.\" \/>\n<meta property=\"og:url\" content=\"https:\/\/www.mafsz.hu\/index.php\/2019\/09\/02\/amennyiben-szeretnel-szallast-foglalni-az-alabbi-urlap-kitoltesevel-megteheted\/\" \/>\n<meta property=\"og:site_name\" content=\"MAFSZ\" \/>\n<meta property=\"article:publisher\" content=\"https:\/\/www.facebook.com\/MAFSZ\/\" \/>\n<meta property=\"article:published_time\" content=\"2019-09-02T11:39:36+00:00\" \/>\n<meta property=\"article:modified_time\" content=\"2019-10-13T14:42:03+00:00\" \/>\n<meta property=\"og:image\" content=\"https:\/\/www.mafsz.hu\/wp-content\/uploads\/2019\/09\/03_szallas_2.jpg\" \/>\n\t<meta property=\"og:image:width\" content=\"1920\" \/>\n\t<meta property=\"og:image:height\" content=\"1080\" \/>\n\t<meta property=\"og:image:type\" content=\"image\/jpeg\" \/>\n<meta name=\"author\" content=\"\u00c1d\u00e1m\" \/>\n<meta name=\"twitter:card\" content=\"summary_large_image\" \/>\n<meta name=\"twitter:label1\" content=\"Szerz\u0151:\" \/>\n\t<meta name=\"twitter:data1\" content=\"\u00c1d\u00e1m\" \/>\n<script type=\"application\/ld+json\" class=\"yoast-schema-graph\">{\"@context\":\"https:\/\/schema.org\",\"@graph\":[{\"@type\":\"Article\",\"@id\":\"https:\/\/www.mafsz.hu\/index.php\/2019\/09\/02\/amennyiben-szeretnel-szallast-foglalni-az-alabbi-urlap-kitoltesevel-megteheted\/#article\",\"isPartOf\":{\"@id\":\"https:\/\/www.mafsz.hu\/index.php\/2019\/09\/02\/amennyiben-szeretnel-szallast-foglalni-az-alabbi-urlap-kitoltesevel-megteheted\/\"},\"author\":{\"name\":\"\u00c1d\u00e1m\",\"@id\":\"https:\/\/www.mafsz.hu\/#\/schema\/person\/549621f00f612642da9d7614098127b6\"},\"headline\":\"Sz\u00e1ll\u00e1s foglal\u00e1s\",\"datePublished\":\"2019-09-02T11:39:36+00:00\",\"dateModified\":\"2019-10-13T14:42:03+00:00\",\"mainEntityOfPage\":{\"@id\":\"https:\/\/www.mafsz.hu\/index.php\/2019\/09\/02\/amennyiben-szeretnel-szallast-foglalni-az-alabbi-urlap-kitoltesevel-megteheted\/\"},\"wordCount\":77,\"publisher\":{\"@id\":\"https:\/\/www.mafsz.hu\/#organization\"},\"image\":{\"@id\":\"https:\/\/www.mafsz.hu\/index.php\/2019\/09\/02\/amennyiben-szeretnel-szallast-foglalni-az-alabbi-urlap-kitoltesevel-megteheted\/#primaryimage\"},\"thumbnailUrl\":\"https:\/\/www.mafsz.hu\/wp-content\/uploads\/2019\/09\/03_szallas_2.jpg\",\"keywords\":[\"fesztiv\u00e1l\",\"mafsz\",\"Sz\u00e1ll\u00e1s\",\"Szentes\"],\"articleSection\":[\"64. Orsz\u00e1gos F\u00fcggetlenfilm Fesztiv\u00e1l\"],\"inLanguage\":\"hu\"},{\"@type\":\"WebPage\",\"@id\":\"https:\/\/www.mafsz.hu\/index.php\/2019\/09\/02\/amennyiben-szeretnel-szallast-foglalni-az-alabbi-urlap-kitoltesevel-megteheted\/\",\"url\":\"https:\/\/www.mafsz.hu\/index.php\/2019\/09\/02\/amennyiben-szeretnel-szallast-foglalni-az-alabbi-urlap-kitoltesevel-megteheted\/\",\"name\":\"Sz\u00e1ll\u00e1s foglal\u00e1s - MAFSZ\",\"isPartOf\":{\"@id\":\"https:\/\/www.mafsz.hu\/#website\"},\"primaryImageOfPage\":{\"@id\":\"https:\/\/www.mafsz.hu\/index.php\/2019\/09\/02\/amennyiben-szeretnel-szallast-foglalni-az-alabbi-urlap-kitoltesevel-megteheted\/#primaryimage\"},\"image\":{\"@id\":\"https:\/\/www.mafsz.hu\/index.php\/2019\/09\/02\/amennyiben-szeretnel-szallast-foglalni-az-alabbi-urlap-kitoltesevel-megteheted\/#primaryimage\"},\"thumbnailUrl\":\"https:\/\/www.mafsz.hu\/wp-content\/uploads\/2019\/09\/03_szallas_2.jpg\",\"datePublished\":\"2019-09-02T11:39:36+00:00\",\"dateModified\":\"2019-10-13T14:42:03+00:00\",\"breadcrumb\":{\"@id\":\"https:\/\/www.mafsz.hu\/index.php\/2019\/09\/02\/amennyiben-szeretnel-szallast-foglalni-az-alabbi-urlap-kitoltesevel-megteheted\/#breadcrumb\"},\"inLanguage\":\"hu\",\"potentialAction\":[{\"@type\":\"ReadAction\",\"target\":[\"https:\/\/www.mafsz.hu\/index.php\/2019\/09\/02\/amennyiben-szeretnel-szallast-foglalni-az-alabbi-urlap-kitoltesevel-megteheted\/\"]}]},{\"@type\":\"ImageObject\",\"inLanguage\":\"hu\",\"@id\":\"https:\/\/www.mafsz.hu\/index.php\/2019\/09\/02\/amennyiben-szeretnel-szallast-foglalni-az-alabbi-urlap-kitoltesevel-megteheted\/#primaryimage\",\"url\":\"https:\/\/www.mafsz.hu\/wp-content\/uploads\/2019\/09\/03_szallas_2.jpg\",\"contentUrl\":\"https:\/\/www.mafsz.hu\/wp-content\/uploads\/2019\/09\/03_szallas_2.jpg\",\"width\":1920,\"height\":1080},{\"@type\":\"BreadcrumbList\",\"@id\":\"https:\/\/www.mafsz.hu\/index.php\/2019\/09\/02\/amennyiben-szeretnel-szallast-foglalni-az-alabbi-urlap-kitoltesevel-megteheted\/#breadcrumb\",\"itemListElement\":[{\"@type\":\"ListItem\",\"position\":1,\"name\":\"Home\",\"item\":\"https:\/\/www.mafsz.hu\/\"},{\"@type\":\"ListItem\",\"position\":2,\"name\":\"Sz\u00e1ll\u00e1s foglal\u00e1s\"}]},{\"@type\":\"WebSite\",\"@id\":\"https:\/\/www.mafsz.hu\/#website\",\"url\":\"https:\/\/www.mafsz.hu\/\",\"name\":\"MAFSZ - Magyar F\u00fcggetlen Film \u00e9s Vide\u00f3 Sz\u00f6vets\u00e9g\",\"description\":\"Magyar F\u00fcggetlen Film \u00e9s Video Sz\u00f6vets\u00e9g\",\"publisher\":{\"@id\":\"https:\/\/www.mafsz.hu\/#organization\"},\"potentialAction\":[{\"@type\":\"SearchAction\",\"target\":{\"@type\":\"EntryPoint\",\"urlTemplate\":\"https:\/\/www.mafsz.hu\/?s={search_term_string}\"},\"query-input\":{\"@type\":\"PropertyValueSpecification\",\"valueRequired\":true,\"valueName\":\"search_term_string\"}}],\"inLanguage\":\"hu\"},{\"@type\":\"Organization\",\"@id\":\"https:\/\/www.mafsz.hu\/#organization\",\"name\":\"Magyar F\u00fcggetlen Film \u00e9s Video Sz\u00f6vets\u00e9g\",\"url\":\"https:\/\/www.mafsz.hu\/\",\"logo\":{\"@type\":\"ImageObject\",\"inLanguage\":\"hu\",\"@id\":\"https:\/\/www.mafsz.hu\/#\/schema\/logo\/image\/\",\"url\":\"https:\/\/www.mafsz.hu\/wp-content\/uploads\/2019\/01\/Mafszlogo_ff_72dpi_2018.jpg\",\"contentUrl\":\"https:\/\/www.mafsz.hu\/wp-content\/uploads\/2019\/01\/Mafszlogo_ff_72dpi_2018.jpg\",\"width\":724,\"height\":705,\"caption\":\"Magyar F\u00fcggetlen Film \u00e9s Video Sz\u00f6vets\u00e9g\"},\"image\":{\"@id\":\"https:\/\/www.mafsz.hu\/#\/schema\/logo\/image\/\"},\"sameAs\":[\"https:\/\/www.facebook.com\/MAFSZ\/\",\"https:\/\/www.instagram.com\/mafsz31\",\"https:\/\/www.youtube.com\/channel\/UC0VaPk-iRomi0S1rTqAlFZg\"]},{\"@type\":\"Person\",\"@id\":\"https:\/\/www.mafsz.hu\/#\/schema\/person\/549621f00f612642da9d7614098127b6\",\"name\":\"\u00c1d\u00e1m\",\"image\":{\"@type\":\"ImageObject\",\"inLanguage\":\"hu\",\"@id\":\"https:\/\/www.mafsz.hu\/#\/schema\/person\/image\/\",\"url\":\"https:\/\/secure.gravatar.com\/avatar\/11851bdb003bd7ae9fda99bf3c88a91b2b9b3e4daf19e1eecae1145adbc699f6?s=96&d=identicon&r=g\",\"contentUrl\":\"https:\/\/secure.gravatar.com\/avatar\/11851bdb003bd7ae9fda99bf3c88a91b2b9b3e4daf19e1eecae1145adbc699f6?s=96&d=identicon&r=g\",\"caption\":\"\u00c1d\u00e1m\"}}]}<\/script>\n<!-- \/ Yoast SEO plugin. -->","yoast_head_json":{"title":"Sz\u00e1ll\u00e1s foglal\u00e1s - MAFSZ","robots":{"index":"index","follow":"follow","max-snippet":"max-snippet:-1","max-image-preview":"max-image-preview:large","max-video-preview":"max-video-preview:-1"},"canonical":"https:\/\/www.mafsz.hu\/index.php\/2019\/09\/02\/amennyiben-szeretnel-szallast-foglalni-az-alabbi-urlap-kitoltesevel-megteheted\/","og_locale":"hu_HU","og_type":"article","og_title":"Sz\u00e1ll\u00e1s foglal\u00e1s - MAFSZ","og_description":"Amennyiben szeretn\u00e9l sz\u00e1ll\u00e1st foglalni, az al\u00e1bbi \u0171rlap kit\u00f6lt\u00e9s\u00e9vel megteheted.","og_url":"https:\/\/www.mafsz.hu\/index.php\/2019\/09\/02\/amennyiben-szeretnel-szallast-foglalni-az-alabbi-urlap-kitoltesevel-megteheted\/","og_site_name":"MAFSZ","article_publisher":"https:\/\/www.facebook.com\/MAFSZ\/","article_published_time":"2019-09-02T11:39:36+00:00","article_modified_time":"2019-10-13T14:42:03+00:00","og_image":[{"width":1920,"height":1080,"url":"https:\/\/www.mafsz.hu\/wp-content\/uploads\/2019\/09\/03_szallas_2.jpg","type":"image\/jpeg"}],"author":"\u00c1d\u00e1m","twitter_card":"summary_large_image","twitter_misc":{"Szerz\u0151:":"\u00c1d\u00e1m"},"schema":{"@context":"https:\/\/schema.org","@graph":[{"@type":"Article","@id":"https:\/\/www.mafsz.hu\/index.php\/2019\/09\/02\/amennyiben-szeretnel-szallast-foglalni-az-alabbi-urlap-kitoltesevel-megteheted\/#article","isPartOf":{"@id":"https:\/\/www.mafsz.hu\/index.php\/2019\/09\/02\/amennyiben-szeretnel-szallast-foglalni-az-alabbi-urlap-kitoltesevel-megteheted\/"},"author":{"name":"\u00c1d\u00e1m","@id":"https:\/\/www.mafsz.hu\/#\/schema\/person\/549621f00f612642da9d7614098127b6"},"headline":"Sz\u00e1ll\u00e1s foglal\u00e1s","datePublished":"2019-09-02T11:39:36+00:00","dateModified":"2019-10-13T14:42:03+00:00","mainEntityOfPage":{"@id":"https:\/\/www.mafsz.hu\/index.php\/2019\/09\/02\/amennyiben-szeretnel-szallast-foglalni-az-alabbi-urlap-kitoltesevel-megteheted\/"},"wordCount":77,"publisher":{"@id":"https:\/\/www.mafsz.hu\/#organization"},"image":{"@id":"https:\/\/www.mafsz.hu\/index.php\/2019\/09\/02\/amennyiben-szeretnel-szallast-foglalni-az-alabbi-urlap-kitoltesevel-megteheted\/#primaryimage"},"thumbnailUrl":"https:\/\/www.mafsz.hu\/wp-content\/uploads\/2019\/09\/03_szallas_2.jpg","keywords":["fesztiv\u00e1l","mafsz","Sz\u00e1ll\u00e1s","Szentes"],"articleSection":["64. Orsz\u00e1gos F\u00fcggetlenfilm Fesztiv\u00e1l"],"inLanguage":"hu"},{"@type":"WebPage","@id":"https:\/\/www.mafsz.hu\/index.php\/2019\/09\/02\/amennyiben-szeretnel-szallast-foglalni-az-alabbi-urlap-kitoltesevel-megteheted\/","url":"https:\/\/www.mafsz.hu\/index.php\/2019\/09\/02\/amennyiben-szeretnel-szallast-foglalni-az-alabbi-urlap-kitoltesevel-megteheted\/","name":"Sz\u00e1ll\u00e1s foglal\u00e1s - MAFSZ","isPartOf":{"@id":"https:\/\/www.mafsz.hu\/#website"},"primaryImageOfPage":{"@id":"https:\/\/www.mafsz.hu\/index.php\/2019\/09\/02\/amennyiben-szeretnel-szallast-foglalni-az-alabbi-urlap-kitoltesevel-megteheted\/#primaryimage"},"image":{"@id":"https:\/\/www.mafsz.hu\/index.php\/2019\/09\/02\/amennyiben-szeretnel-szallast-foglalni-az-alabbi-urlap-kitoltesevel-megteheted\/#primaryimage"},"thumbnailUrl":"https:\/\/www.mafsz.hu\/wp-content\/uploads\/2019\/09\/03_szallas_2.jpg","datePublished":"2019-09-02T11:39:36+00:00","dateModified":"2019-10-13T14:42:03+00:00","breadcrumb":{"@id":"https:\/\/www.mafsz.hu\/index.php\/2019\/09\/02\/amennyiben-szeretnel-szallast-foglalni-az-alabbi-urlap-kitoltesevel-megteheted\/#breadcrumb"},"inLanguage":"hu","potentialAction":[{"@type":"ReadAction","target":["https:\/\/www.mafsz.hu\/index.php\/2019\/09\/02\/amennyiben-szeretnel-szallast-foglalni-az-alabbi-urlap-kitoltesevel-megteheted\/"]}]},{"@type":"ImageObject","inLanguage":"hu","@id":"https:\/\/www.mafsz.hu\/index.php\/2019\/09\/02\/amennyiben-szeretnel-szallast-foglalni-az-alabbi-urlap-kitoltesevel-megteheted\/#primaryimage","url":"https:\/\/www.mafsz.hu\/wp-content\/uploads\/2019\/09\/03_szallas_2.jpg","contentUrl":"https:\/\/www.mafsz.hu\/wp-content\/uploads\/2019\/09\/03_szallas_2.jpg","width":1920,"height":1080},{"@type":"BreadcrumbList","@id":"https:\/\/www.mafsz.hu\/index.php\/2019\/09\/02\/amennyiben-szeretnel-szallast-foglalni-az-alabbi-urlap-kitoltesevel-megteheted\/#breadcrumb","itemListElement":[{"@type":"ListItem","position":1,"name":"Home","item":"https:\/\/www.mafsz.hu\/"},{"@type":"ListItem","position":2,"name":"Sz\u00e1ll\u00e1s foglal\u00e1s"}]},{"@type":"WebSite","@id":"https:\/\/www.mafsz.hu\/#website","url":"https:\/\/www.mafsz.hu\/","name":"MAFSZ - Magyar F\u00fcggetlen Film \u00e9s Vide\u00f3 Sz\u00f6vets\u00e9g","description":"Magyar F\u00fcggetlen Film \u00e9s Video Sz\u00f6vets\u00e9g","publisher":{"@id":"https:\/\/www.mafsz.hu\/#organization"},"potentialAction":[{"@type":"SearchAction","target":{"@type":"EntryPoint","urlTemplate":"https:\/\/www.mafsz.hu\/?s={search_term_string}"},"query-input":{"@type":"PropertyValueSpecification","valueRequired":true,"valueName":"search_term_string"}}],"inLanguage":"hu"},{"@type":"Organization","@id":"https:\/\/www.mafsz.hu\/#organization","name":"Magyar F\u00fcggetlen Film \u00e9s Video Sz\u00f6vets\u00e9g","url":"https:\/\/www.mafsz.hu\/","logo":{"@type":"ImageObject","inLanguage":"hu","@id":"https:\/\/www.mafsz.hu\/#\/schema\/logo\/image\/","url":"https:\/\/www.mafsz.hu\/wp-content\/uploads\/2019\/01\/Mafszlogo_ff_72dpi_2018.jpg","contentUrl":"https:\/\/www.mafsz.hu\/wp-content\/uploads\/2019\/01\/Mafszlogo_ff_72dpi_2018.jpg","width":724,"height":705,"caption":"Magyar F\u00fcggetlen Film \u00e9s Video Sz\u00f6vets\u00e9g"},"image":{"@id":"https:\/\/www.mafsz.hu\/#\/schema\/logo\/image\/"},"sameAs":["https:\/\/www.facebook.com\/MAFSZ\/","https:\/\/www.instagram.com\/mafsz31","https:\/\/www.youtube.com\/channel\/UC0VaPk-iRomi0S1rTqAlFZg"]},{"@type":"Person","@id":"https:\/\/www.mafsz.hu\/#\/schema\/person\/549621f00f612642da9d7614098127b6","name":"\u00c1d\u00e1m","image":{"@type":"ImageObject","inLanguage":"hu","@id":"https:\/\/www.mafsz.hu\/#\/schema\/person\/image\/","url":"https:\/\/secure.gravatar.com\/avatar\/11851bdb003bd7ae9fda99bf3c88a91b2b9b3e4daf19e1eecae1145adbc699f6?s=96&d=identicon&r=g","contentUrl":"https:\/\/secure.gravatar.com\/avatar\/11851bdb003bd7ae9fda99bf3c88a91b2b9b3e4daf19e1eecae1145adbc699f6?s=96&d=identicon&r=g","caption":"\u00c1d\u00e1m"}}]}},"jetpack_featured_media_url":"https:\/\/www.mafsz.hu\/wp-content\/uploads\/2019\/09\/03_szallas_2.jpg","jetpack_sharing_enabled":true,"_links":{"self":[{"href":"https:\/\/www.mafsz.hu\/index.php\/wp-json\/wp\/v2\/posts\/1299","targetHints":{"allow":["GET"]}}],"collection":[{"href":"https:\/\/www.mafsz.hu\/index.php\/wp-json\/wp\/v2\/posts"}],"about":[{"href":"https:\/\/www.mafsz.hu\/index.php\/wp-json\/wp\/v2\/types\/post"}],"author":[{"embeddable":true,"href":"https:\/\/www.mafsz.hu\/index.php\/wp-json\/wp\/v2\/users\/1"}],"replies":[{"embeddable":true,"href":"https:\/\/www.mafsz.hu\/index.php\/wp-json\/wp\/v2\/comments?post=1299"}],"version-history":[{"count":6,"href":"https:\/\/www.mafsz.hu\/index.php\/wp-json\/wp\/v2\/posts\/1299\/revisions"}],"predecessor-version":[{"id":1464,"href":"https:\/\/www.mafsz.hu\/index.php\/wp-json\/wp\/v2\/posts\/1299\/revisions\/1464"}],"wp:featuredmedia":[{"embeddable":true,"href":"https:\/\/www.mafsz.hu\/index.php\/wp-json\/wp\/v2\/media\/1437"}],"wp:attachment":[{"href":"https:\/\/www.mafsz.hu\/index.php\/wp-json\/wp\/v2\/media?parent=1299"}],"wp:term":[{"taxonomy":"category","embeddable":true,"href":"https:\/\/www.mafsz.hu\/index.php\/wp-json\/wp\/v2\/categories?post=1299"},{"taxonomy":"post_tag","embeddable":true,"href":"https:\/\/www.mafsz.hu\/index.php\/wp-json\/wp\/v2\/tags?post=1299"}],"curies":[{"name":"wp","href":"https:\/\/api.w.org\/{rel}","templated":true}]}}