{"id":1303,"date":"2019-09-02T13:43:50","date_gmt":"2019-09-02T13:43:50","guid":{"rendered":"http:\/\/www.mafsz.hu\/?p=1303"},"modified":"2019-09-30T12:12:12","modified_gmt":"2019-09-30T12:12:12","slug":"reszletes-program-2","status":"publish","type":"post","link":"https:\/\/www.mafsz.hu\/index.php\/2019\/09\/02\/reszletes-program-2\/","title":{"rendered":"R\u00e9szletes program"},"content":{"rendered":"<p>A programle\u00edr\u00e1st folyamatosan friss\u00edtj\u00fck, n\u00e9zz vissza rendszeresen, ha naprak\u00e9sz akarsz maradni!<br \/>\n<!--more--><\/p>\n<h2>Zs\u0171ri<\/h2>\n<hr>\n<h3><img loading=\"lazy\" decoding=\"async\" class=\"alignleft size-full wp-image-1422\" src=\"http:\/\/www.mafsz.hu\/wp-content\/uploads\/2019\/09\/BojtarBEndre_th.jpg\" alt=\"\" width=\"150\" height=\"150\">Bojt\u00e1r B. Endre<\/h3>\n<p>\u00fajs\u00e1g\u00edr\u00f3, m\u0171ford\u00edt\u00f3, f\u00fcggetlenfilmes<\/p>\n<hr>\n<h3><img loading=\"lazy\" decoding=\"async\" class=\"alignleft size-thumbnail wp-image-1423\" src=\"http:\/\/www.mafsz.hu\/wp-content\/uploads\/2019\/09\/CsakiLaszlo_th-150x150.jpg\" alt=\"\" width=\"150\" height=\"150\" srcset=\"https:\/\/www.mafsz.hu\/wp-content\/uploads\/2019\/09\/CsakiLaszlo_th-150x150.jpg 150w, https:\/\/www.mafsz.hu\/wp-content\/uploads\/2019\/09\/CsakiLaszlo_th-300x300.jpg 300w, https:\/\/www.mafsz.hu\/wp-content\/uploads\/2019\/09\/CsakiLaszlo_th.jpg 310w\" sizes=\"auto, (max-width: 150px) 100vw, 150px\" \/>Cs\u00e1ki L\u00e1szl\u00f3<\/h3>\n<p>anim\u00e1ci\u00f3s filmrendez\u0151, k\u00e9pz\u0151m\u0171v\u00e9sz, egyetemi oktat\u00f3<\/p>\n<hr>\n<h3><img loading=\"lazy\" decoding=\"async\" class=\"alignleft size-thumbnail wp-image-1427\" src=\"http:\/\/www.mafsz.hu\/wp-content\/uploads\/2019\/09\/DozsaErzsebet_th-150x150.jpg\" alt=\"\" width=\"150\" height=\"150\" srcset=\"https:\/\/www.mafsz.hu\/wp-content\/uploads\/2019\/09\/DozsaErzsebet_th-150x150.jpg 150w, https:\/\/www.mafsz.hu\/wp-content\/uploads\/2019\/09\/DozsaErzsebet_th-300x300.jpg 300w, https:\/\/www.mafsz.hu\/wp-content\/uploads\/2019\/09\/DozsaErzsebet_th.jpg 466w\" sizes=\"auto, (max-width: 150px) 100vw, 150px\" \/>D\u00f3zsa Erzs\u00e9bet<\/h3>\n<p>el\u0151ad\u00f3m\u0171v\u00e9sz, dr\u00e1mapedag\u00f3gus<\/p>\n<hr>\n<h3><img loading=\"lazy\" decoding=\"async\" class=\"alignleft size-thumbnail wp-image-1425\" src=\"http:\/\/www.mafsz.hu\/wp-content\/uploads\/2019\/09\/DurstGyorgy_th-150x150.jpg\" alt=\"\" width=\"150\" height=\"150\" srcset=\"https:\/\/www.mafsz.hu\/wp-content\/uploads\/2019\/09\/DurstGyorgy_th-150x150.jpg 150w, https:\/\/www.mafsz.hu\/wp-content\/uploads\/2019\/09\/DurstGyorgy_th.jpg 270w\" sizes=\"auto, (max-width: 150px) 100vw, 150px\" \/>Durst Gy\u00f6rgy<\/h3>\n<p>filmproducer, rendez\u0151, operat\u0151r<\/p>\n<hr>\n<h2><\/h2>\n<h2>R\u00e9szletes program:<\/h2>\n<h3>2019. okt\u00f3ber 3. cs\u00fct\u00f6rt\u00f6k<\/h3>\n<h4>17:00 &#8211; Nyit\u00f3film: az <a href=\"http:\/\/www.mafsz.hu\/index.php\/2019\/09\/02\/kisero-filmek-64-orszagos-fuggetlenfilm-fesztival\/\">\u201eOrsz\u00e1galma\u201d c\u00edm\u0171 j\u00e1t\u00e9kfilm vet\u00edt\u00e9se<\/a><\/h4>\n<h4>19:00 &#8211; Megnyit\u00f3 \u00fcnneps\u00e9g<\/h4>\n<h5>A 64. Orsz\u00e1gos F\u00fcggetlenfilm Fesztiv\u00e1lt megnyitja Szirbik Imre, Szentes v\u00e1ros polg\u00e1rmestere, \u00e9s besz\u00e9det mond dr. Buglya S\u00e1ndor, a Magyar F\u00fcggetlen Film \u00e9s Video Sz\u00f6vets\u00e9g \u00f6r\u00f6k\u00f6s, tiszteletbeli eln\u00f6ke.<\/h5>\n<p style=\"text-align: right;\">helysz\u00edn: <a href=\"http:\/\/www.mafsz.hu\/index.php\/2019\/09\/02\/minden-aprosag-amit-a-fesztivalrol-tudni-erdemes\/\">M\u0171vel\u0151d\u00e9si \u00e9s Ifj\u00fas\u00e1gi H\u00e1z<\/a><\/p>\n<hr>\n<h3>2019. okt\u00f3ber 4. p\u00e9ntek<\/h3>\n<h4>11:00 &#8211; 12:15 &#8211; Inform\u00e1ci\u00f3s blokk: <a href=\"http:\/\/www.mafsz.hu\/index.php\/2019\/09\/02\/kisero-filmek-64-orszagos-fuggetlenfilm-fesztival\/\" target=\"_blank\" rel=\"noopener noreferrer\">a \u201eK\u00f6nny\u0171 leck\u00e9k\u201d c\u00edm\u0171 dokumentumfilm vet\u00edt\u00e9se<\/a><\/h4>\n<h4>12:30 &#8211; 14:00 &#8211; Versenyprogram &#8211; I. blokk<\/h4>\n<h6 style=\"padding-left: 80px;\"><strong>A sz\u00e9l m\u00f6g\u00f6tt<\/strong> &#8211; Koronczi Endre 56 perc<\/h6>\n<h6 style=\"padding-left: 80px;\"><strong>K\u00eds\u00e9rtet<\/strong> &#8211; Led\u0151 Attila, Led\u0151 Barnab\u00e1s, Led\u0151 Sebesty\u00e9n, Dolm\u00e1ny M\u00e1ria 3 perc<\/h6>\n<h6 style=\"padding-left: 80px;\"><strong>L\u00e1thatatlanul<\/strong> &#8211; Szentp\u00e9teri \u00c1ron 32 perc<\/h6>\n<h4>15:00 &#8211; 18:00 &#8211; Versenyprogram &#8211; II. blokk<\/h4>\n<h6 style=\"padding-left: 80px;\"><strong>Cryene Donovan<\/strong> &#8211; N\u00e9meth D\u00e9nes 63 perc<\/h6>\n<h6 style=\"padding-left: 80px;\"><strong>Grindcabin<\/strong> &#8211; K\u00f6rt\u00e9si Andr\u00e1s 4 perc<\/h6>\n<h6 style=\"padding-left: 80px;\"><strong>A t\u0171 hegye<\/strong> &#8211; Szalay Krist\u00f3f 36 perc<\/h6>\n<h6 style=\"padding-left: 80px;\"><strong>Hogyha<\/strong> &#8211; Barta K\u00edra 8 perc<\/h6>\n<h6 style=\"padding-left: 80px;\"><strong>A narancs \u00fatlev\u00e9l<\/strong> &#8211; Fazekas Gy\u00f6ngyi 20 perc<\/h6>\n<h4>20:00 &#8211; 23:00 &#8211; Konzult\u00e1ci\u00f3 zs\u0171rivel<\/h4>\n<p style=\"text-align: right;\">helysz\u00edn: <a href=\"http:\/\/www.mafsz.hu\/index.php\/2019\/09\/02\/minden-aprosag-amit-a-fesztivalrol-tudni-erdemes\/\">M\u0171vel\u0151d\u00e9si \u00e9s Ifj\u00fas\u00e1gi H\u00e1z<\/a><\/p>\n<h4>20:00 &#8211; Zen\u00e9s bar\u00e1tkoz\u00f3 est<\/h4>\n<p style=\"text-align: right;\">helysz\u00edn: <a href=\"http:\/\/www.mafsz.hu\/index.php\/2019\/09\/02\/amennyiben-szeretnel-szallast-foglalni-az-alabbi-urlap-kitoltesevel-megteheted\/\">Szentesi Sport- \u00e9s \u00dcd\u00fcl\u0151k\u00f6zpont<\/a><\/p>\n<hr>\n<h3>2019. okt\u00f3ber 5. szombat<\/h3>\n<h4>11:00 &#8211; Inform\u00e1ci\u00f3s blokk: <a href=\"http:\/\/www.mafsz.hu\/index.php\/2019\/09\/02\/kisero-filmek-64-orszagos-fuggetlenfilm-fesztival\/\">a \u201eLet the Dragon out\u201d c\u00edm\u0171 fikci\u00f3s dokumentumfilm vet\u00edt\u00e9se<\/a><\/h4>\n<p>A vet\u00edt\u00e9s ut\u00e1n r\u00f6vid k\u00e9rdez-felelek \u00e9s besz\u00e9lget\u00e9s a film k\u00e9sz\u00edt\u0151ivel.<\/p>\n<h4>13:00 &#8211; 14:00 &#8211; Versenyprogram &#8211; III. blokk<\/h4>\n<h6 style=\"padding-left: 80px;\"><strong>Szerepzavar<\/strong> &#8211; Szirmai M\u00e1rton 24 perc<\/h6>\n<h6 style=\"padding-left: 80px;\"><strong>Breathe Together<\/strong> &#8211; Szatm\u00e1ri Andrea 8 perc<\/h6>\n<h6 style=\"padding-left: 80px;\"><strong>T\u00e1ncosp\u00e1rok<\/strong> &#8211; Bogd\u00e1nyi Ferenc 5 perc<\/h6>\n<h6 style=\"padding-left: 80px;\"><strong>J\u00f6v\u0151 szerd\u00e1n<\/strong> &#8211; Molvay Norbert 13 perc<\/h6>\n<h6 style=\"padding-left: 80px;\"><strong>Gyros<\/strong> &#8211; Kar\u00e1csony P\u00e9ter 6 perc<\/h6>\n<h4>15:00 &#8211; 18:00 &#8211; Versenyprogram &#8211; IV. blokk<\/h4>\n<h6 style=\"padding-left: 80px;\"><strong>K\u00e9t cs\u00edk<\/strong> &#8211; Dud\u00e1s Bal\u00e1zs 32 perc<\/h6>\n<h6 style=\"padding-left: 80px;\"><strong>Hol a nyuszi?<\/strong> &#8211; Baranyi Ben\u0151 8 perc<\/h6>\n<h6 style=\"padding-left: 80px;\"><strong>Szok\u00e1sjog<\/strong> &#8211; F\u00fczes D\u00e1niel 34 perc<\/h6>\n<h6 style=\"padding-left: 80px;\"><strong>Uborka<\/strong> &#8211; Szab\u00f3 L\u00e1szl\u00f3 4 perc<\/h6>\n<h6 style=\"padding-left: 80px;\"><strong>Casting<\/strong> &#8211; Csoma S\u00e1ndor 28 perc<\/h6>\n<h6 style=\"padding-left: 80px;\"><strong>Bels\u0151 k\u00f6nyvt\u00e1r<\/strong> &#8211; Kondor Attila, Ord\u00f3dy Judit 9 perc<\/h6>\n<h6 style=\"padding-left: 80px;\"><strong>A monostor gyermekei<\/strong> &#8211; Zub\u00f3 Dorottya, Arun Bhattarai 74 perc<\/h6>\n<h4>20:00 &#8211; 23:00 &#8211; Konzult\u00e1ci\u00f3 zs\u0171rivel<\/h4>\n<p style=\"text-align: right;\">helysz\u00edn: <a href=\"http:\/\/www.mafsz.hu\/index.php\/2019\/09\/02\/minden-aprosag-amit-a-fesztivalrol-tudni-erdemes\/\">M\u0171vel\u0151d\u00e9si \u00e9s Ifj\u00fas\u00e1gi H\u00e1z<\/a><\/p>\n<h4>20:00 &#8211; Zen\u00e9s bar\u00e1tkoz\u00f3 est<\/h4>\n<p style=\"text-align: right;\">helysz\u00edn: <a href=\"http:\/\/www.mafsz.hu\/index.php\/2019\/09\/02\/amennyiben-szeretnel-szallast-foglalni-az-alabbi-urlap-kitoltesevel-megteheted\/\">Szentesi Sport- \u00e9s \u00dcd\u00fcl\u0151k\u00f6zpont<\/a><\/p>\n<hr>\n<h3>2019. okt\u00f3ber 6. vas\u00e1rnap<\/h3>\n<h4>10:00 &#8211; Fesztiv\u00e1lz\u00e1r\u00e1s \u00e9s k\u00f6z\u00f6s reggeli<\/h4>\n<p>A rendezv\u00e9ny f\u0151 t\u00e1mogat\u00f3i a Magyar Nemzeti Filmalap, a Magyar M\u0171v\u00e9szeti Akad\u00e9mia \u00e9s Szentes V\u00e1ros \u00d6nkorm\u00e1nyzata.<\/p>\n<p>Facebook esem\u00e9ny <a href=\"https:\/\/www.facebook.com\/events\/588229998362279\/\">itt<\/a>.<\/p>\n","protected":false},"excerpt":{"rendered":"<p>A programle\u00edr\u00e1st folyamatosan friss\u00edtj\u00fck, n\u00e9zz vissza rendszeresen, ha naprak\u00e9sz akarsz maradni!<\/p>\n","protected":false},"author":1,"featured_media":1435,"comment_status":"closed","ping_status":"open","sticky":false,"template":"","format":"standard","meta":{"_jetpack_memberships_contains_paid_content":false,"footnotes":""},"categories":[256],"tags":[260,39,261],"class_list":["post-1303","post","type-post","status-publish","format-standard","has-post-thumbnail","hentry","category-64-orszagos-fuggetlenfilm-fesztival","tag-mafsz","tag-program","tag-reszletes"],"yoast_head":"<!-- This site is optimized with the Yoast SEO plugin v27.0 - https:\/\/yoast.com\/product\/yoast-seo-wordpress\/ -->\n<title>R\u00e9szletes program - MAFSZ<\/title>\n<meta name=\"description\" content=\"A programle\u00edr\u00e1st folyamatosan friss\u00edtj\u00fck, n\u00e9zz vissza rendszeresen, ha naprak\u00e9sz akarsz maradni!\" \/>\n<meta name=\"robots\" content=\"index, follow, max-snippet:-1, max-image-preview:large, max-video-preview:-1\" \/>\n<link rel=\"canonical\" href=\"https:\/\/www.mafsz.hu\/index.php\/2019\/09\/02\/reszletes-program-2\/\" \/>\n<meta property=\"og:locale\" content=\"hu_HU\" \/>\n<meta property=\"og:type\" content=\"article\" \/>\n<meta property=\"og:title\" content=\"R\u00e9szletes program - MAFSZ\" \/>\n<meta property=\"og:description\" content=\"A programle\u00edr\u00e1st folyamatosan friss\u00edtj\u00fck, n\u00e9zz vissza rendszeresen, ha naprak\u00e9sz akarsz maradni!\" \/>\n<meta property=\"og:url\" content=\"https:\/\/www.mafsz.hu\/index.php\/2019\/09\/02\/reszletes-program-2\/\" \/>\n<meta property=\"og:site_name\" content=\"MAFSZ\" \/>\n<meta property=\"article:publisher\" content=\"https:\/\/www.facebook.com\/MAFSZ\/\" \/>\n<meta property=\"article:published_time\" content=\"2019-09-02T13:43:50+00:00\" \/>\n<meta property=\"article:modified_time\" content=\"2019-09-30T12:12:12+00:00\" \/>\n<meta property=\"og:image\" content=\"https:\/\/www.mafsz.hu\/wp-content\/uploads\/2019\/09\/01_reszletes_2.jpg\" \/>\n\t<meta property=\"og:image:width\" content=\"1920\" \/>\n\t<meta property=\"og:image:height\" content=\"1080\" \/>\n\t<meta property=\"og:image:type\" content=\"image\/jpeg\" \/>\n<meta name=\"author\" content=\"\u00c1d\u00e1m\" \/>\n<meta name=\"twitter:card\" content=\"summary_large_image\" \/>\n<meta name=\"twitter:label1\" content=\"Szerz\u0151:\" \/>\n\t<meta name=\"twitter:data1\" content=\"\u00c1d\u00e1m\" \/>\n\t<meta name=\"twitter:label2\" content=\"Becs\u00fclt olvas\u00e1si id\u0151\" \/>\n\t<meta name=\"twitter:data2\" content=\"3 perc\" \/>\n<script type=\"application\/ld+json\" class=\"yoast-schema-graph\">{\"@context\":\"https:\/\/schema.org\",\"@graph\":[{\"@type\":\"Article\",\"@id\":\"https:\/\/www.mafsz.hu\/index.php\/2019\/09\/02\/reszletes-program-2\/#article\",\"isPartOf\":{\"@id\":\"https:\/\/www.mafsz.hu\/index.php\/2019\/09\/02\/reszletes-program-2\/\"},\"author\":{\"name\":\"\u00c1d\u00e1m\",\"@id\":\"https:\/\/www.mafsz.hu\/#\/schema\/person\/549621f00f612642da9d7614098127b6\"},\"headline\":\"R\u00e9szletes program\",\"datePublished\":\"2019-09-02T13:43:50+00:00\",\"dateModified\":\"2019-09-30T12:12:12+00:00\",\"mainEntityOfPage\":{\"@id\":\"https:\/\/www.mafsz.hu\/index.php\/2019\/09\/02\/reszletes-program-2\/\"},\"wordCount\":506,\"publisher\":{\"@id\":\"https:\/\/www.mafsz.hu\/#organization\"},\"image\":{\"@id\":\"https:\/\/www.mafsz.hu\/index.php\/2019\/09\/02\/reszletes-program-2\/#primaryimage\"},\"thumbnailUrl\":\"https:\/\/www.mafsz.hu\/wp-content\/uploads\/2019\/09\/01_reszletes_2.jpg\",\"keywords\":[\"mafsz\",\"program\",\"r\u00e9szletes\"],\"articleSection\":[\"64. Orsz\u00e1gos F\u00fcggetlenfilm Fesztiv\u00e1l\"],\"inLanguage\":\"hu\"},{\"@type\":\"WebPage\",\"@id\":\"https:\/\/www.mafsz.hu\/index.php\/2019\/09\/02\/reszletes-program-2\/\",\"url\":\"https:\/\/www.mafsz.hu\/index.php\/2019\/09\/02\/reszletes-program-2\/\",\"name\":\"R\u00e9szletes program - MAFSZ\",\"isPartOf\":{\"@id\":\"https:\/\/www.mafsz.hu\/#website\"},\"primaryImageOfPage\":{\"@id\":\"https:\/\/www.mafsz.hu\/index.php\/2019\/09\/02\/reszletes-program-2\/#primaryimage\"},\"image\":{\"@id\":\"https:\/\/www.mafsz.hu\/index.php\/2019\/09\/02\/reszletes-program-2\/#primaryimage\"},\"thumbnailUrl\":\"https:\/\/www.mafsz.hu\/wp-content\/uploads\/2019\/09\/01_reszletes_2.jpg\",\"datePublished\":\"2019-09-02T13:43:50+00:00\",\"dateModified\":\"2019-09-30T12:12:12+00:00\",\"description\":\"A programle\u00edr\u00e1st folyamatosan friss\u00edtj\u00fck, n\u00e9zz vissza rendszeresen, ha naprak\u00e9sz akarsz maradni!\",\"breadcrumb\":{\"@id\":\"https:\/\/www.mafsz.hu\/index.php\/2019\/09\/02\/reszletes-program-2\/#breadcrumb\"},\"inLanguage\":\"hu\",\"potentialAction\":[{\"@type\":\"ReadAction\",\"target\":[\"https:\/\/www.mafsz.hu\/index.php\/2019\/09\/02\/reszletes-program-2\/\"]}]},{\"@type\":\"ImageObject\",\"inLanguage\":\"hu\",\"@id\":\"https:\/\/www.mafsz.hu\/index.php\/2019\/09\/02\/reszletes-program-2\/#primaryimage\",\"url\":\"https:\/\/www.mafsz.hu\/wp-content\/uploads\/2019\/09\/01_reszletes_2.jpg\",\"contentUrl\":\"https:\/\/www.mafsz.hu\/wp-content\/uploads\/2019\/09\/01_reszletes_2.jpg\",\"width\":1920,\"height\":1080},{\"@type\":\"BreadcrumbList\",\"@id\":\"https:\/\/www.mafsz.hu\/index.php\/2019\/09\/02\/reszletes-program-2\/#breadcrumb\",\"itemListElement\":[{\"@type\":\"ListItem\",\"position\":1,\"name\":\"Home\",\"item\":\"https:\/\/www.mafsz.hu\/\"},{\"@type\":\"ListItem\",\"position\":2,\"name\":\"R\u00e9szletes program\"}]},{\"@type\":\"WebSite\",\"@id\":\"https:\/\/www.mafsz.hu\/#website\",\"url\":\"https:\/\/www.mafsz.hu\/\",\"name\":\"MAFSZ - Magyar F\u00fcggetlen Film \u00e9s Vide\u00f3 Sz\u00f6vets\u00e9g\",\"description\":\"Magyar F\u00fcggetlen Film \u00e9s Video Sz\u00f6vets\u00e9g\",\"publisher\":{\"@id\":\"https:\/\/www.mafsz.hu\/#organization\"},\"potentialAction\":[{\"@type\":\"SearchAction\",\"target\":{\"@type\":\"EntryPoint\",\"urlTemplate\":\"https:\/\/www.mafsz.hu\/?s={search_term_string}\"},\"query-input\":{\"@type\":\"PropertyValueSpecification\",\"valueRequired\":true,\"valueName\":\"search_term_string\"}}],\"inLanguage\":\"hu\"},{\"@type\":\"Organization\",\"@id\":\"https:\/\/www.mafsz.hu\/#organization\",\"name\":\"Magyar F\u00fcggetlen Film \u00e9s Video Sz\u00f6vets\u00e9g\",\"url\":\"https:\/\/www.mafsz.hu\/\",\"logo\":{\"@type\":\"ImageObject\",\"inLanguage\":\"hu\",\"@id\":\"https:\/\/www.mafsz.hu\/#\/schema\/logo\/image\/\",\"url\":\"https:\/\/www.mafsz.hu\/wp-content\/uploads\/2019\/01\/Mafszlogo_ff_72dpi_2018.jpg\",\"contentUrl\":\"https:\/\/www.mafsz.hu\/wp-content\/uploads\/2019\/01\/Mafszlogo_ff_72dpi_2018.jpg\",\"width\":724,\"height\":705,\"caption\":\"Magyar F\u00fcggetlen Film \u00e9s Video Sz\u00f6vets\u00e9g\"},\"image\":{\"@id\":\"https:\/\/www.mafsz.hu\/#\/schema\/logo\/image\/\"},\"sameAs\":[\"https:\/\/www.facebook.com\/MAFSZ\/\",\"https:\/\/www.instagram.com\/mafsz31\",\"https:\/\/www.youtube.com\/channel\/UC0VaPk-iRomi0S1rTqAlFZg\"]},{\"@type\":\"Person\",\"@id\":\"https:\/\/www.mafsz.hu\/#\/schema\/person\/549621f00f612642da9d7614098127b6\",\"name\":\"\u00c1d\u00e1m\",\"image\":{\"@type\":\"ImageObject\",\"inLanguage\":\"hu\",\"@id\":\"https:\/\/www.mafsz.hu\/#\/schema\/person\/image\/\",\"url\":\"https:\/\/secure.gravatar.com\/avatar\/11851bdb003bd7ae9fda99bf3c88a91b2b9b3e4daf19e1eecae1145adbc699f6?s=96&d=identicon&r=g\",\"contentUrl\":\"https:\/\/secure.gravatar.com\/avatar\/11851bdb003bd7ae9fda99bf3c88a91b2b9b3e4daf19e1eecae1145adbc699f6?s=96&d=identicon&r=g\",\"caption\":\"\u00c1d\u00e1m\"}}]}<\/script>\n<!-- \/ Yoast SEO plugin. -->","yoast_head_json":{"title":"R\u00e9szletes program - MAFSZ","description":"A programle\u00edr\u00e1st folyamatosan friss\u00edtj\u00fck, n\u00e9zz vissza rendszeresen, ha naprak\u00e9sz akarsz maradni!","robots":{"index":"index","follow":"follow","max-snippet":"max-snippet:-1","max-image-preview":"max-image-preview:large","max-video-preview":"max-video-preview:-1"},"canonical":"https:\/\/www.mafsz.hu\/index.php\/2019\/09\/02\/reszletes-program-2\/","og_locale":"hu_HU","og_type":"article","og_title":"R\u00e9szletes program - MAFSZ","og_description":"A programle\u00edr\u00e1st folyamatosan friss\u00edtj\u00fck, n\u00e9zz vissza rendszeresen, ha naprak\u00e9sz akarsz maradni!","og_url":"https:\/\/www.mafsz.hu\/index.php\/2019\/09\/02\/reszletes-program-2\/","og_site_name":"MAFSZ","article_publisher":"https:\/\/www.facebook.com\/MAFSZ\/","article_published_time":"2019-09-02T13:43:50+00:00","article_modified_time":"2019-09-30T12:12:12+00:00","og_image":[{"width":1920,"height":1080,"url":"https:\/\/www.mafsz.hu\/wp-content\/uploads\/2019\/09\/01_reszletes_2.jpg","type":"image\/jpeg"}],"author":"\u00c1d\u00e1m","twitter_card":"summary_large_image","twitter_misc":{"Szerz\u0151:":"\u00c1d\u00e1m","Becs\u00fclt olvas\u00e1si id\u0151":"3 perc"},"schema":{"@context":"https:\/\/schema.org","@graph":[{"@type":"Article","@id":"https:\/\/www.mafsz.hu\/index.php\/2019\/09\/02\/reszletes-program-2\/#article","isPartOf":{"@id":"https:\/\/www.mafsz.hu\/index.php\/2019\/09\/02\/reszletes-program-2\/"},"author":{"name":"\u00c1d\u00e1m","@id":"https:\/\/www.mafsz.hu\/#\/schema\/person\/549621f00f612642da9d7614098127b6"},"headline":"R\u00e9szletes program","datePublished":"2019-09-02T13:43:50+00:00","dateModified":"2019-09-30T12:12:12+00:00","mainEntityOfPage":{"@id":"https:\/\/www.mafsz.hu\/index.php\/2019\/09\/02\/reszletes-program-2\/"},"wordCount":506,"publisher":{"@id":"https:\/\/www.mafsz.hu\/#organization"},"image":{"@id":"https:\/\/www.mafsz.hu\/index.php\/2019\/09\/02\/reszletes-program-2\/#primaryimage"},"thumbnailUrl":"https:\/\/www.mafsz.hu\/wp-content\/uploads\/2019\/09\/01_reszletes_2.jpg","keywords":["mafsz","program","r\u00e9szletes"],"articleSection":["64. Orsz\u00e1gos F\u00fcggetlenfilm Fesztiv\u00e1l"],"inLanguage":"hu"},{"@type":"WebPage","@id":"https:\/\/www.mafsz.hu\/index.php\/2019\/09\/02\/reszletes-program-2\/","url":"https:\/\/www.mafsz.hu\/index.php\/2019\/09\/02\/reszletes-program-2\/","name":"R\u00e9szletes program - MAFSZ","isPartOf":{"@id":"https:\/\/www.mafsz.hu\/#website"},"primaryImageOfPage":{"@id":"https:\/\/www.mafsz.hu\/index.php\/2019\/09\/02\/reszletes-program-2\/#primaryimage"},"image":{"@id":"https:\/\/www.mafsz.hu\/index.php\/2019\/09\/02\/reszletes-program-2\/#primaryimage"},"thumbnailUrl":"https:\/\/www.mafsz.hu\/wp-content\/uploads\/2019\/09\/01_reszletes_2.jpg","datePublished":"2019-09-02T13:43:50+00:00","dateModified":"2019-09-30T12:12:12+00:00","description":"A programle\u00edr\u00e1st folyamatosan friss\u00edtj\u00fck, n\u00e9zz vissza rendszeresen, ha naprak\u00e9sz akarsz maradni!","breadcrumb":{"@id":"https:\/\/www.mafsz.hu\/index.php\/2019\/09\/02\/reszletes-program-2\/#breadcrumb"},"inLanguage":"hu","potentialAction":[{"@type":"ReadAction","target":["https:\/\/www.mafsz.hu\/index.php\/2019\/09\/02\/reszletes-program-2\/"]}]},{"@type":"ImageObject","inLanguage":"hu","@id":"https:\/\/www.mafsz.hu\/index.php\/2019\/09\/02\/reszletes-program-2\/#primaryimage","url":"https:\/\/www.mafsz.hu\/wp-content\/uploads\/2019\/09\/01_reszletes_2.jpg","contentUrl":"https:\/\/www.mafsz.hu\/wp-content\/uploads\/2019\/09\/01_reszletes_2.jpg","width":1920,"height":1080},{"@type":"BreadcrumbList","@id":"https:\/\/www.mafsz.hu\/index.php\/2019\/09\/02\/reszletes-program-2\/#breadcrumb","itemListElement":[{"@type":"ListItem","position":1,"name":"Home","item":"https:\/\/www.mafsz.hu\/"},{"@type":"ListItem","position":2,"name":"R\u00e9szletes program"}]},{"@type":"WebSite","@id":"https:\/\/www.mafsz.hu\/#website","url":"https:\/\/www.mafsz.hu\/","name":"MAFSZ - Magyar F\u00fcggetlen Film \u00e9s Vide\u00f3 Sz\u00f6vets\u00e9g","description":"Magyar F\u00fcggetlen Film \u00e9s Video Sz\u00f6vets\u00e9g","publisher":{"@id":"https:\/\/www.mafsz.hu\/#organization"},"potentialAction":[{"@type":"SearchAction","target":{"@type":"EntryPoint","urlTemplate":"https:\/\/www.mafsz.hu\/?s={search_term_string}"},"query-input":{"@type":"PropertyValueSpecification","valueRequired":true,"valueName":"search_term_string"}}],"inLanguage":"hu"},{"@type":"Organization","@id":"https:\/\/www.mafsz.hu\/#organization","name":"Magyar F\u00fcggetlen Film \u00e9s Video Sz\u00f6vets\u00e9g","url":"https:\/\/www.mafsz.hu\/","logo":{"@type":"ImageObject","inLanguage":"hu","@id":"https:\/\/www.mafsz.hu\/#\/schema\/logo\/image\/","url":"https:\/\/www.mafsz.hu\/wp-content\/uploads\/2019\/01\/Mafszlogo_ff_72dpi_2018.jpg","contentUrl":"https:\/\/www.mafsz.hu\/wp-content\/uploads\/2019\/01\/Mafszlogo_ff_72dpi_2018.jpg","width":724,"height":705,"caption":"Magyar F\u00fcggetlen Film \u00e9s Video Sz\u00f6vets\u00e9g"},"image":{"@id":"https:\/\/www.mafsz.hu\/#\/schema\/logo\/image\/"},"sameAs":["https:\/\/www.facebook.com\/MAFSZ\/","https:\/\/www.instagram.com\/mafsz31","https:\/\/www.youtube.com\/channel\/UC0VaPk-iRomi0S1rTqAlFZg"]},{"@type":"Person","@id":"https:\/\/www.mafsz.hu\/#\/schema\/person\/549621f00f612642da9d7614098127b6","name":"\u00c1d\u00e1m","image":{"@type":"ImageObject","inLanguage":"hu","@id":"https:\/\/www.mafsz.hu\/#\/schema\/person\/image\/","url":"https:\/\/secure.gravatar.com\/avatar\/11851bdb003bd7ae9fda99bf3c88a91b2b9b3e4daf19e1eecae1145adbc699f6?s=96&d=identicon&r=g","contentUrl":"https:\/\/secure.gravatar.com\/avatar\/11851bdb003bd7ae9fda99bf3c88a91b2b9b3e4daf19e1eecae1145adbc699f6?s=96&d=identicon&r=g","caption":"\u00c1d\u00e1m"}}]}},"jetpack_featured_media_url":"https:\/\/www.mafsz.hu\/wp-content\/uploads\/2019\/09\/01_reszletes_2.jpg","jetpack_sharing_enabled":true,"_links":{"self":[{"href":"https:\/\/www.mafsz.hu\/index.php\/wp-json\/wp\/v2\/posts\/1303","targetHints":{"allow":["GET"]}}],"collection":[{"href":"https:\/\/www.mafsz.hu\/index.php\/wp-json\/wp\/v2\/posts"}],"about":[{"href":"https:\/\/www.mafsz.hu\/index.php\/wp-json\/wp\/v2\/types\/post"}],"author":[{"embeddable":true,"href":"https:\/\/www.mafsz.hu\/index.php\/wp-json\/wp\/v2\/users\/1"}],"replies":[{"embeddable":true,"href":"https:\/\/www.mafsz.hu\/index.php\/wp-json\/wp\/v2\/comments?post=1303"}],"version-history":[{"count":23,"href":"https:\/\/www.mafsz.hu\/index.php\/wp-json\/wp\/v2\/posts\/1303\/revisions"}],"predecessor-version":[{"id":1469,"href":"https:\/\/www.mafsz.hu\/index.php\/wp-json\/wp\/v2\/posts\/1303\/revisions\/1469"}],"wp:featuredmedia":[{"embeddable":true,"href":"https:\/\/www.mafsz.hu\/index.php\/wp-json\/wp\/v2\/media\/1435"}],"wp:attachment":[{"href":"https:\/\/www.mafsz.hu\/index.php\/wp-json\/wp\/v2\/media?parent=1303"}],"wp:term":[{"taxonomy":"category","embeddable":true,"href":"https:\/\/www.mafsz.hu\/index.php\/wp-json\/wp\/v2\/categories?post=1303"},{"taxonomy":"post_tag","embeddable":true,"href":"https:\/\/www.mafsz.hu\/index.php\/wp-json\/wp\/v2\/tags?post=1303"}],"curies":[{"name":"wp","href":"https:\/\/api.w.org\/{rel}","templated":true}]}}