{"id":1318,"date":"2019-09-02T08:00:45","date_gmt":"2019-09-02T08:00:45","guid":{"rendered":"http:\/\/www.mafsz.hu\/?p=1318"},"modified":"2019-09-30T12:12:58","modified_gmt":"2019-09-30T12:12:58","slug":"minden-aprosag-amit-a-fesztivalrol-tudni-erdemes","status":"publish","type":"post","link":"https:\/\/www.mafsz.hu\/index.php\/2019\/09\/02\/minden-aprosag-amit-a-fesztivalrol-tudni-erdemes\/","title":{"rendered":"Fesztiv\u00e1l inf\u00f3k"},"content":{"rendered":"<p>Minden apr\u00f3s\u00e1g, amit a Fesztiv\u00e1lr\u00f3l tudni \u00e9rdemes.<!--more--><\/p>\n<h3>Id\u0151pont:<\/h3>\n<p>A 64. Orsz\u00e1gos F\u00fcggetlenfilm Fesztiv\u00e1l id\u0151pontja:<\/p>\n<h4>2019. okt\u00f3ber 3-6.<\/h4>\n<p>A versenyblokkok vet\u00edt\u00e9se p\u00e9nteken \u00e9s szombaton d\u00e9lel\u0151tt 11 \u00f3r\u00e1t\u00f3l kezd\u0151dik. A filmek list\u00e1j\u00e1t \u00e9s pontos vet\u00edt\u00e9si idej\u00fcket <a href=\"http:\/\/www.mafsz.hu\/index.php\/2019\/09\/02\/reszletes-program-2\/\">a r\u00e9szletes programbont\u00e1sban<\/a> tal\u00e1lod meg.<\/p>\n<hr>\n<h3>Helysz\u00edn:<\/h3>\n<h3>A vet\u00edt\u00e9sek \u00e9s konzult\u00e1ci\u00f3k helysz\u00edne:<\/h3>\n<h5>M\u0171vel\u0151d\u00e9si \u00e9s Ifj\u00fas\u00e1gi H\u00e1z<\/h5>\n<p>Szentes, T\u00f3th J\u00f3zsef u. 10-14.<\/p>\n<h3>Hivatalos fesztiv\u00e1l sz\u00e1ll\u00e1s:<\/h3>\n<h5><a href=\"http:\/\/www.mafsz.hu\/index.php\/2019\/09\/02\/amennyiben-szeretnel-szallast-foglalni-az-alabbi-urlap-kitoltesevel-megteheted\/\">Szentesi Sport- \u00e9s \u00dcd\u00fcl\u0151k\u00f6zpont<\/a><\/h5>\n<p>Szentes, Csall\u00e1ny G\u00e1bor part 4.<\/p>\n<h4><a href=\"http:\/\/www.mafsz.hu\/index.php\/2019\/09\/02\/amennyiben-szeretnel-szallast-foglalni-az-alabbi-urlap-kitoltesevel-megteheted\/\">Kedvezm\u00e9nyes sz\u00e1ll\u00e1st ezen a linken tudsz foglalni.<\/a><\/h4>\n<hr>\n<h3>Megk\u00f6zel\u00edt\u00e9s:<\/h3>\n<ul>\n<li>Aut\u00f3val az M5 aut\u00f3p\u00e1lya Kiskunf\u00e9legyh\u00e1za-D\u00e9l lehajt\u00f3j\u00e1t\u00f3l, a 451-es f\u0151\u00faton.<\/li>\n<li>Busszal a Budapest <span class=\"station\">N\u00e9pliget aut\u00f3busz-p\u00e1lyaudvarr\u00f3l indul\u00f3, \u00e1tsz\u00e1ll\u00e1s n\u00e9lk\u00fcli j\u00e1ratokat javasoljuk.<\/span><\/li>\n<li>Vonattal a Budapest Nyugati p\u00e1lyaudvarr\u00f3l indul\u00f3 gyorsvonatokat javasoljuk, kiskunf\u00e9legyh\u00e1zi \u00e1tsz\u00e1ll\u00e1ssal.<\/li>\n<\/ul>\n<hr>\n<h3>\u00c9tkez\u00e9s:<\/h3>\n<h4>Liget \u00c9tterem<\/h4>\n<p>Szentes, Csall\u00e1ny G\u00e1bor part 4.<\/p>\n<h4>Gal\u00e9ria K\u00e1v\u00e9h\u00e1z \u00e9s \u00c9tterem<\/h4>\n<p>Szentes, Pet\u0151fi S\u00e1ndor utca 7\/a<\/p>\n<p>A men\u00fct hamarosan k\u00f6zz\u00e9 tessz\u00fck itt a honlapon!<\/p>\n<hr>\n<h3>Fesztiv\u00e1l t\u00e9rk\u00e9p:<\/h3>\n<p><iframe loading=\"lazy\" src=\"https:\/\/www.google.com\/maps\/d\/embed?mid=1NV6r36SrVjXADfkIVKkvSwRGKvF7pe_m&amp;hl=hu\" width=\"100%\" height=\"480\"><\/iframe><\/p>\n","protected":false},"excerpt":{"rendered":"<p>Minden apr\u00f3s\u00e1g, amit a Fesztiv\u00e1lr\u00f3l tudni \u00e9rdemes.<\/p>\n","protected":false},"author":1,"featured_media":1438,"comment_status":"closed","ping_status":"open","sticky":false,"template":"","format":"standard","meta":{"_jetpack_memberships_contains_paid_content":false,"footnotes":""},"categories":[256],"tags":[263,262,258],"class_list":["post-1318","post","type-post","status-publish","format-standard","has-post-thumbnail","hentry","category-64-orszagos-fuggetlenfilm-fesztival","tag-etkezes","tag-informacio","tag-szallas"],"yoast_head":"<!-- This site is optimized with the Yoast SEO plugin v27.0 - https:\/\/yoast.com\/product\/yoast-seo-wordpress\/ -->\n<title>Fesztiv\u00e1l inf\u00f3k - MAFSZ<\/title>\n<meta name=\"description\" content=\"Minden apr\u00f3s\u00e1g, amit a Fesztiv\u00e1lr\u00f3l tudni \u00e9rdemes.\" \/>\n<meta name=\"robots\" content=\"index, follow, max-snippet:-1, max-image-preview:large, max-video-preview:-1\" \/>\n<link rel=\"canonical\" href=\"https:\/\/www.mafsz.hu\/index.php\/2019\/09\/02\/minden-aprosag-amit-a-fesztivalrol-tudni-erdemes\/\" \/>\n<meta property=\"og:locale\" content=\"hu_HU\" \/>\n<meta property=\"og:type\" content=\"article\" \/>\n<meta property=\"og:title\" content=\"Fesztiv\u00e1l inf\u00f3k - MAFSZ\" \/>\n<meta property=\"og:description\" content=\"Minden apr\u00f3s\u00e1g, amit a Fesztiv\u00e1lr\u00f3l tudni \u00e9rdemes.\" \/>\n<meta property=\"og:url\" content=\"https:\/\/www.mafsz.hu\/index.php\/2019\/09\/02\/minden-aprosag-amit-a-fesztivalrol-tudni-erdemes\/\" \/>\n<meta property=\"og:site_name\" content=\"MAFSZ\" \/>\n<meta property=\"article:publisher\" content=\"https:\/\/www.facebook.com\/MAFSZ\/\" \/>\n<meta property=\"article:published_time\" content=\"2019-09-02T08:00:45+00:00\" \/>\n<meta property=\"article:modified_time\" content=\"2019-09-30T12:12:58+00:00\" \/>\n<meta property=\"og:image\" content=\"https:\/\/www.mafsz.hu\/wp-content\/uploads\/2019\/09\/04_infok_2.jpg\" \/>\n\t<meta property=\"og:image:width\" content=\"1920\" \/>\n\t<meta property=\"og:image:height\" content=\"1080\" \/>\n\t<meta property=\"og:image:type\" content=\"image\/jpeg\" \/>\n<meta name=\"author\" content=\"\u00c1d\u00e1m\" \/>\n<meta name=\"twitter:card\" content=\"summary_large_image\" \/>\n<meta name=\"twitter:label1\" content=\"Szerz\u0151:\" \/>\n\t<meta name=\"twitter:data1\" content=\"\u00c1d\u00e1m\" \/>\n\t<meta name=\"twitter:label2\" content=\"Becs\u00fclt olvas\u00e1si id\u0151\" \/>\n\t<meta name=\"twitter:data2\" content=\"1 perc\" \/>\n<script type=\"application\/ld+json\" class=\"yoast-schema-graph\">{\"@context\":\"https:\/\/schema.org\",\"@graph\":[{\"@type\":\"Article\",\"@id\":\"https:\/\/www.mafsz.hu\/index.php\/2019\/09\/02\/minden-aprosag-amit-a-fesztivalrol-tudni-erdemes\/#article\",\"isPartOf\":{\"@id\":\"https:\/\/www.mafsz.hu\/index.php\/2019\/09\/02\/minden-aprosag-amit-a-fesztivalrol-tudni-erdemes\/\"},\"author\":{\"name\":\"\u00c1d\u00e1m\",\"@id\":\"https:\/\/www.mafsz.hu\/#\/schema\/person\/549621f00f612642da9d7614098127b6\"},\"headline\":\"Fesztiv\u00e1l inf\u00f3k\",\"datePublished\":\"2019-09-02T08:00:45+00:00\",\"dateModified\":\"2019-09-30T12:12:58+00:00\",\"mainEntityOfPage\":{\"@id\":\"https:\/\/www.mafsz.hu\/index.php\/2019\/09\/02\/minden-aprosag-amit-a-fesztivalrol-tudni-erdemes\/\"},\"wordCount\":223,\"publisher\":{\"@id\":\"https:\/\/www.mafsz.hu\/#organization\"},\"image\":{\"@id\":\"https:\/\/www.mafsz.hu\/index.php\/2019\/09\/02\/minden-aprosag-amit-a-fesztivalrol-tudni-erdemes\/#primaryimage\"},\"thumbnailUrl\":\"https:\/\/www.mafsz.hu\/wp-content\/uploads\/2019\/09\/04_infok_2.jpg\",\"keywords\":[\"\u00e9tkez\u00e9s\",\"inform\u00e1ci\u00f3\",\"Sz\u00e1ll\u00e1s\"],\"articleSection\":[\"64. Orsz\u00e1gos F\u00fcggetlenfilm Fesztiv\u00e1l\"],\"inLanguage\":\"hu\"},{\"@type\":\"WebPage\",\"@id\":\"https:\/\/www.mafsz.hu\/index.php\/2019\/09\/02\/minden-aprosag-amit-a-fesztivalrol-tudni-erdemes\/\",\"url\":\"https:\/\/www.mafsz.hu\/index.php\/2019\/09\/02\/minden-aprosag-amit-a-fesztivalrol-tudni-erdemes\/\",\"name\":\"Fesztiv\u00e1l inf\u00f3k - MAFSZ\",\"isPartOf\":{\"@id\":\"https:\/\/www.mafsz.hu\/#website\"},\"primaryImageOfPage\":{\"@id\":\"https:\/\/www.mafsz.hu\/index.php\/2019\/09\/02\/minden-aprosag-amit-a-fesztivalrol-tudni-erdemes\/#primaryimage\"},\"image\":{\"@id\":\"https:\/\/www.mafsz.hu\/index.php\/2019\/09\/02\/minden-aprosag-amit-a-fesztivalrol-tudni-erdemes\/#primaryimage\"},\"thumbnailUrl\":\"https:\/\/www.mafsz.hu\/wp-content\/uploads\/2019\/09\/04_infok_2.jpg\",\"datePublished\":\"2019-09-02T08:00:45+00:00\",\"dateModified\":\"2019-09-30T12:12:58+00:00\",\"description\":\"Minden apr\u00f3s\u00e1g, amit a Fesztiv\u00e1lr\u00f3l tudni \u00e9rdemes.\",\"breadcrumb\":{\"@id\":\"https:\/\/www.mafsz.hu\/index.php\/2019\/09\/02\/minden-aprosag-amit-a-fesztivalrol-tudni-erdemes\/#breadcrumb\"},\"inLanguage\":\"hu\",\"potentialAction\":[{\"@type\":\"ReadAction\",\"target\":[\"https:\/\/www.mafsz.hu\/index.php\/2019\/09\/02\/minden-aprosag-amit-a-fesztivalrol-tudni-erdemes\/\"]}]},{\"@type\":\"ImageObject\",\"inLanguage\":\"hu\",\"@id\":\"https:\/\/www.mafsz.hu\/index.php\/2019\/09\/02\/minden-aprosag-amit-a-fesztivalrol-tudni-erdemes\/#primaryimage\",\"url\":\"https:\/\/www.mafsz.hu\/wp-content\/uploads\/2019\/09\/04_infok_2.jpg\",\"contentUrl\":\"https:\/\/www.mafsz.hu\/wp-content\/uploads\/2019\/09\/04_infok_2.jpg\",\"width\":1920,\"height\":1080},{\"@type\":\"BreadcrumbList\",\"@id\":\"https:\/\/www.mafsz.hu\/index.php\/2019\/09\/02\/minden-aprosag-amit-a-fesztivalrol-tudni-erdemes\/#breadcrumb\",\"itemListElement\":[{\"@type\":\"ListItem\",\"position\":1,\"name\":\"Home\",\"item\":\"https:\/\/www.mafsz.hu\/\"},{\"@type\":\"ListItem\",\"position\":2,\"name\":\"Fesztiv\u00e1l inf\u00f3k\"}]},{\"@type\":\"WebSite\",\"@id\":\"https:\/\/www.mafsz.hu\/#website\",\"url\":\"https:\/\/www.mafsz.hu\/\",\"name\":\"MAFSZ - Magyar F\u00fcggetlen Film \u00e9s Vide\u00f3 Sz\u00f6vets\u00e9g\",\"description\":\"Magyar F\u00fcggetlen Film \u00e9s Video Sz\u00f6vets\u00e9g\",\"publisher\":{\"@id\":\"https:\/\/www.mafsz.hu\/#organization\"},\"potentialAction\":[{\"@type\":\"SearchAction\",\"target\":{\"@type\":\"EntryPoint\",\"urlTemplate\":\"https:\/\/www.mafsz.hu\/?s={search_term_string}\"},\"query-input\":{\"@type\":\"PropertyValueSpecification\",\"valueRequired\":true,\"valueName\":\"search_term_string\"}}],\"inLanguage\":\"hu\"},{\"@type\":\"Organization\",\"@id\":\"https:\/\/www.mafsz.hu\/#organization\",\"name\":\"Magyar F\u00fcggetlen Film \u00e9s Video Sz\u00f6vets\u00e9g\",\"url\":\"https:\/\/www.mafsz.hu\/\",\"logo\":{\"@type\":\"ImageObject\",\"inLanguage\":\"hu\",\"@id\":\"https:\/\/www.mafsz.hu\/#\/schema\/logo\/image\/\",\"url\":\"https:\/\/www.mafsz.hu\/wp-content\/uploads\/2019\/01\/Mafszlogo_ff_72dpi_2018.jpg\",\"contentUrl\":\"https:\/\/www.mafsz.hu\/wp-content\/uploads\/2019\/01\/Mafszlogo_ff_72dpi_2018.jpg\",\"width\":724,\"height\":705,\"caption\":\"Magyar F\u00fcggetlen Film \u00e9s Video Sz\u00f6vets\u00e9g\"},\"image\":{\"@id\":\"https:\/\/www.mafsz.hu\/#\/schema\/logo\/image\/\"},\"sameAs\":[\"https:\/\/www.facebook.com\/MAFSZ\/\",\"https:\/\/www.instagram.com\/mafsz31\",\"https:\/\/www.youtube.com\/channel\/UC0VaPk-iRomi0S1rTqAlFZg\"]},{\"@type\":\"Person\",\"@id\":\"https:\/\/www.mafsz.hu\/#\/schema\/person\/549621f00f612642da9d7614098127b6\",\"name\":\"\u00c1d\u00e1m\",\"image\":{\"@type\":\"ImageObject\",\"inLanguage\":\"hu\",\"@id\":\"https:\/\/www.mafsz.hu\/#\/schema\/person\/image\/\",\"url\":\"https:\/\/secure.gravatar.com\/avatar\/11851bdb003bd7ae9fda99bf3c88a91b2b9b3e4daf19e1eecae1145adbc699f6?s=96&d=identicon&r=g\",\"contentUrl\":\"https:\/\/secure.gravatar.com\/avatar\/11851bdb003bd7ae9fda99bf3c88a91b2b9b3e4daf19e1eecae1145adbc699f6?s=96&d=identicon&r=g\",\"caption\":\"\u00c1d\u00e1m\"}}]}<\/script>\n<!-- \/ Yoast SEO plugin. -->","yoast_head_json":{"title":"Fesztiv\u00e1l inf\u00f3k - MAFSZ","description":"Minden apr\u00f3s\u00e1g, amit a Fesztiv\u00e1lr\u00f3l tudni \u00e9rdemes.","robots":{"index":"index","follow":"follow","max-snippet":"max-snippet:-1","max-image-preview":"max-image-preview:large","max-video-preview":"max-video-preview:-1"},"canonical":"https:\/\/www.mafsz.hu\/index.php\/2019\/09\/02\/minden-aprosag-amit-a-fesztivalrol-tudni-erdemes\/","og_locale":"hu_HU","og_type":"article","og_title":"Fesztiv\u00e1l inf\u00f3k - MAFSZ","og_description":"Minden apr\u00f3s\u00e1g, amit a Fesztiv\u00e1lr\u00f3l tudni \u00e9rdemes.","og_url":"https:\/\/www.mafsz.hu\/index.php\/2019\/09\/02\/minden-aprosag-amit-a-fesztivalrol-tudni-erdemes\/","og_site_name":"MAFSZ","article_publisher":"https:\/\/www.facebook.com\/MAFSZ\/","article_published_time":"2019-09-02T08:00:45+00:00","article_modified_time":"2019-09-30T12:12:58+00:00","og_image":[{"width":1920,"height":1080,"url":"https:\/\/www.mafsz.hu\/wp-content\/uploads\/2019\/09\/04_infok_2.jpg","type":"image\/jpeg"}],"author":"\u00c1d\u00e1m","twitter_card":"summary_large_image","twitter_misc":{"Szerz\u0151:":"\u00c1d\u00e1m","Becs\u00fclt olvas\u00e1si id\u0151":"1 perc"},"schema":{"@context":"https:\/\/schema.org","@graph":[{"@type":"Article","@id":"https:\/\/www.mafsz.hu\/index.php\/2019\/09\/02\/minden-aprosag-amit-a-fesztivalrol-tudni-erdemes\/#article","isPartOf":{"@id":"https:\/\/www.mafsz.hu\/index.php\/2019\/09\/02\/minden-aprosag-amit-a-fesztivalrol-tudni-erdemes\/"},"author":{"name":"\u00c1d\u00e1m","@id":"https:\/\/www.mafsz.hu\/#\/schema\/person\/549621f00f612642da9d7614098127b6"},"headline":"Fesztiv\u00e1l inf\u00f3k","datePublished":"2019-09-02T08:00:45+00:00","dateModified":"2019-09-30T12:12:58+00:00","mainEntityOfPage":{"@id":"https:\/\/www.mafsz.hu\/index.php\/2019\/09\/02\/minden-aprosag-amit-a-fesztivalrol-tudni-erdemes\/"},"wordCount":223,"publisher":{"@id":"https:\/\/www.mafsz.hu\/#organization"},"image":{"@id":"https:\/\/www.mafsz.hu\/index.php\/2019\/09\/02\/minden-aprosag-amit-a-fesztivalrol-tudni-erdemes\/#primaryimage"},"thumbnailUrl":"https:\/\/www.mafsz.hu\/wp-content\/uploads\/2019\/09\/04_infok_2.jpg","keywords":["\u00e9tkez\u00e9s","inform\u00e1ci\u00f3","Sz\u00e1ll\u00e1s"],"articleSection":["64. Orsz\u00e1gos F\u00fcggetlenfilm Fesztiv\u00e1l"],"inLanguage":"hu"},{"@type":"WebPage","@id":"https:\/\/www.mafsz.hu\/index.php\/2019\/09\/02\/minden-aprosag-amit-a-fesztivalrol-tudni-erdemes\/","url":"https:\/\/www.mafsz.hu\/index.php\/2019\/09\/02\/minden-aprosag-amit-a-fesztivalrol-tudni-erdemes\/","name":"Fesztiv\u00e1l inf\u00f3k - MAFSZ","isPartOf":{"@id":"https:\/\/www.mafsz.hu\/#website"},"primaryImageOfPage":{"@id":"https:\/\/www.mafsz.hu\/index.php\/2019\/09\/02\/minden-aprosag-amit-a-fesztivalrol-tudni-erdemes\/#primaryimage"},"image":{"@id":"https:\/\/www.mafsz.hu\/index.php\/2019\/09\/02\/minden-aprosag-amit-a-fesztivalrol-tudni-erdemes\/#primaryimage"},"thumbnailUrl":"https:\/\/www.mafsz.hu\/wp-content\/uploads\/2019\/09\/04_infok_2.jpg","datePublished":"2019-09-02T08:00:45+00:00","dateModified":"2019-09-30T12:12:58+00:00","description":"Minden apr\u00f3s\u00e1g, amit a Fesztiv\u00e1lr\u00f3l tudni \u00e9rdemes.","breadcrumb":{"@id":"https:\/\/www.mafsz.hu\/index.php\/2019\/09\/02\/minden-aprosag-amit-a-fesztivalrol-tudni-erdemes\/#breadcrumb"},"inLanguage":"hu","potentialAction":[{"@type":"ReadAction","target":["https:\/\/www.mafsz.hu\/index.php\/2019\/09\/02\/minden-aprosag-amit-a-fesztivalrol-tudni-erdemes\/"]}]},{"@type":"ImageObject","inLanguage":"hu","@id":"https:\/\/www.mafsz.hu\/index.php\/2019\/09\/02\/minden-aprosag-amit-a-fesztivalrol-tudni-erdemes\/#primaryimage","url":"https:\/\/www.mafsz.hu\/wp-content\/uploads\/2019\/09\/04_infok_2.jpg","contentUrl":"https:\/\/www.mafsz.hu\/wp-content\/uploads\/2019\/09\/04_infok_2.jpg","width":1920,"height":1080},{"@type":"BreadcrumbList","@id":"https:\/\/www.mafsz.hu\/index.php\/2019\/09\/02\/minden-aprosag-amit-a-fesztivalrol-tudni-erdemes\/#breadcrumb","itemListElement":[{"@type":"ListItem","position":1,"name":"Home","item":"https:\/\/www.mafsz.hu\/"},{"@type":"ListItem","position":2,"name":"Fesztiv\u00e1l inf\u00f3k"}]},{"@type":"WebSite","@id":"https:\/\/www.mafsz.hu\/#website","url":"https:\/\/www.mafsz.hu\/","name":"MAFSZ - Magyar F\u00fcggetlen Film \u00e9s Vide\u00f3 Sz\u00f6vets\u00e9g","description":"Magyar F\u00fcggetlen Film \u00e9s Video Sz\u00f6vets\u00e9g","publisher":{"@id":"https:\/\/www.mafsz.hu\/#organization"},"potentialAction":[{"@type":"SearchAction","target":{"@type":"EntryPoint","urlTemplate":"https:\/\/www.mafsz.hu\/?s={search_term_string}"},"query-input":{"@type":"PropertyValueSpecification","valueRequired":true,"valueName":"search_term_string"}}],"inLanguage":"hu"},{"@type":"Organization","@id":"https:\/\/www.mafsz.hu\/#organization","name":"Magyar F\u00fcggetlen Film \u00e9s Video Sz\u00f6vets\u00e9g","url":"https:\/\/www.mafsz.hu\/","logo":{"@type":"ImageObject","inLanguage":"hu","@id":"https:\/\/www.mafsz.hu\/#\/schema\/logo\/image\/","url":"https:\/\/www.mafsz.hu\/wp-content\/uploads\/2019\/01\/Mafszlogo_ff_72dpi_2018.jpg","contentUrl":"https:\/\/www.mafsz.hu\/wp-content\/uploads\/2019\/01\/Mafszlogo_ff_72dpi_2018.jpg","width":724,"height":705,"caption":"Magyar F\u00fcggetlen Film \u00e9s Video Sz\u00f6vets\u00e9g"},"image":{"@id":"https:\/\/www.mafsz.hu\/#\/schema\/logo\/image\/"},"sameAs":["https:\/\/www.facebook.com\/MAFSZ\/","https:\/\/www.instagram.com\/mafsz31","https:\/\/www.youtube.com\/channel\/UC0VaPk-iRomi0S1rTqAlFZg"]},{"@type":"Person","@id":"https:\/\/www.mafsz.hu\/#\/schema\/person\/549621f00f612642da9d7614098127b6","name":"\u00c1d\u00e1m","image":{"@type":"ImageObject","inLanguage":"hu","@id":"https:\/\/www.mafsz.hu\/#\/schema\/person\/image\/","url":"https:\/\/secure.gravatar.com\/avatar\/11851bdb003bd7ae9fda99bf3c88a91b2b9b3e4daf19e1eecae1145adbc699f6?s=96&d=identicon&r=g","contentUrl":"https:\/\/secure.gravatar.com\/avatar\/11851bdb003bd7ae9fda99bf3c88a91b2b9b3e4daf19e1eecae1145adbc699f6?s=96&d=identicon&r=g","caption":"\u00c1d\u00e1m"}}]}},"jetpack_featured_media_url":"https:\/\/www.mafsz.hu\/wp-content\/uploads\/2019\/09\/04_infok_2.jpg","jetpack_sharing_enabled":true,"_links":{"self":[{"href":"https:\/\/www.mafsz.hu\/index.php\/wp-json\/wp\/v2\/posts\/1318","targetHints":{"allow":["GET"]}}],"collection":[{"href":"https:\/\/www.mafsz.hu\/index.php\/wp-json\/wp\/v2\/posts"}],"about":[{"href":"https:\/\/www.mafsz.hu\/index.php\/wp-json\/wp\/v2\/types\/post"}],"author":[{"embeddable":true,"href":"https:\/\/www.mafsz.hu\/index.php\/wp-json\/wp\/v2\/users\/1"}],"replies":[{"embeddable":true,"href":"https:\/\/www.mafsz.hu\/index.php\/wp-json\/wp\/v2\/comments?post=1318"}],"version-history":[{"count":6,"href":"https:\/\/www.mafsz.hu\/index.php\/wp-json\/wp\/v2\/posts\/1318\/revisions"}],"predecessor-version":[{"id":1376,"href":"https:\/\/www.mafsz.hu\/index.php\/wp-json\/wp\/v2\/posts\/1318\/revisions\/1376"}],"wp:featuredmedia":[{"embeddable":true,"href":"https:\/\/www.mafsz.hu\/index.php\/wp-json\/wp\/v2\/media\/1438"}],"wp:attachment":[{"href":"https:\/\/www.mafsz.hu\/index.php\/wp-json\/wp\/v2\/media?parent=1318"}],"wp:term":[{"taxonomy":"category","embeddable":true,"href":"https:\/\/www.mafsz.hu\/index.php\/wp-json\/wp\/v2\/categories?post=1318"},{"taxonomy":"post_tag","embeddable":true,"href":"https:\/\/www.mafsz.hu\/index.php\/wp-json\/wp\/v2\/tags?post=1318"}],"curies":[{"name":"wp","href":"https:\/\/api.w.org\/{rel}","templated":true}]}}