{"id":2135,"date":"2022-01-12T19:22:34","date_gmt":"2022-01-12T18:22:34","guid":{"rendered":"https:\/\/www.mafsz.hu\/?p=2135"},"modified":"2022-01-12T19:23:45","modified_gmt":"2022-01-12T18:23:45","slug":"9-savaria-filmszemle-nevezes","status":"publish","type":"post","link":"https:\/\/www.mafsz.hu\/index.php\/2022\/01\/12\/9-savaria-filmszemle-nevezes\/","title":{"rendered":"9. Savaria Filmszemle &#8211; nevez\u00e9s"},"content":{"rendered":"<p>A SAVARIA Filmakad\u00e9mia Egyes\u00fclet 2022-ben is meghirdeti a Savaria Filmszeml\u00e9t.<br \/>\nId\u0151pont: <strong>2022. m\u00e1jus 11-13.<\/strong><\/p>\n<p>Az idei esztend\u0151ben az al\u00e1bbi tematikus kateg\u00f3ri\u00e1kba lehet nevezni:<\/p>\n<ol>\n<li>\u00c9p\u00edt\u00e9szet<\/li>\n<li>Formatervez\u00e9s<\/li>\n<li>Kultur\u00e1lis \u00f6r\u00f6ks\u00e9g<\/li>\n<\/ol>\n<p><!--more--><\/p>\n<p>A kateg\u00f3ri\u00e1kba r\u00f6vid \u00e9s eg\u00e9sz est\u00e9s dokumentumfilmeket, valamint ismeretterjeszt\u0151, kisj\u00e1t\u00e9kfilmeket v\u00e1runk. Tartalmukat tekintve a ki\u00edrt t\u00e9mak\u00f6r\u00f6kh\u00f6z k\u00f6thet\u0151 kiemelked\u0151 szem\u00e9lyis\u00e9geket bemutat\u00f3 portr\u00e9k, k\u00f6z\u00f6ss\u00e9geket, ir\u00e1nyzatokat, a K\u00e1rp\u00e1t-medence t\u00e1jegys\u00e9gei szerinti jellegzetess\u00e9geket bemutat\u00f3 filmeket v\u00e1runk.<br \/>\nFontos szempont, hogy az \u00e9rt\u00e9k- \u00e9s hagyom\u00e1ny\u0151rz\u00e9s mellett a jelenleg is zajl\u00f3 kultur\u00e1lis\/m\u0171v\u00e9szeti v\u00e1ltoz\u00e1sok \u00e9s ir\u00e1nyzatok is helyet kapjanak a szeml\u00e9n.<\/p>\n<p>K\u00fcl\u00f6n kateg\u00f3ri\u00e1ban \u00e9rt\u00e9keli a zs\u0171ri a di\u00e1kfilmeket, a fels\u0151oktat\u00e1sban tanul\u00f3 hallgat\u00f3k k\u00eds\u00e9rleti \u00e9s vizsgafilmjeit!<br \/>\nKateg\u00f3ri\u00e1nk\u00e9nt az els\u0151 h\u00e1rom helyezett filmalkot\u00e1s p\u00e9nzd\u00edjban r\u00e9szes\u00fcl, valamint k\u00fcl\u00f6nd\u00edjakat is kiosztunk.<br \/>\nBek\u00fcld\u00e9si hat\u00e1rid\u0151: 2022. febru\u00e1r 28. 23:59.<br \/>\nA szemle ideje alatt egy szakmai konferenci\u00e1t, \u00e9s egy\u00e9b programokat is szervez\u00fcnk, melyek r\u00e9szletes programj\u00e1t a k\u00e9s\u0151bbiek sor\u00e1n k\u00f6z\u00f6lj\u00fck.<\/p>\n<p>A 9. Savaria Filmszeml\u00e9re nevezni a <a href=\"http:\/\/www.savariafilmszemle.hu\">www.savariafilmszemle.hu<\/a> internetes oldalon tal\u00e1lhat\u00f3 p\u00e1ly\u00e1zati \u0171rlap helyes kit\u00f6lt\u00e9s\u00e9vel lehet.<\/p>\n<p>Az filmszemle levelez\u00e9si e-mail c\u00edme: savariafilmszemle@gmail.com<br \/>\nTov\u00e1bbi inform\u00e1ci\u00f3 k\u00e9rhet\u0151: 06\/20\/549-5200<\/p>\n<p>Szeretettel v\u00e1runk minden \u00e9rdekl\u0151d\u0151t Savari\u00e1ba 2022-ben is!<\/p>\n","protected":false},"excerpt":{"rendered":"<p>A SAVARIA Filmakad\u00e9mia Egyes\u00fclet 2022-ben is meghirdeti a Savaria Filmszeml\u00e9t. Id\u0151pont: 2022. m\u00e1jus 11-13. Az idei esztend\u0151ben az al\u00e1bbi tematikus &hellip; <a href=\"https:\/\/www.mafsz.hu\/index.php\/2022\/01\/12\/9-savaria-filmszemle-nevezes\/\" class=\"more-link\">Continue reading <span class=\"screen-reader-text\">9. Savaria Filmszemle &#8211; nevez\u00e9s<\/span><\/a><\/p>\n","protected":false},"author":4,"featured_media":2138,"comment_status":"closed","ping_status":"open","sticky":false,"template":"","format":"standard","meta":{"_jetpack_memberships_contains_paid_content":false,"footnotes":""},"categories":[1,3],"tags":[],"class_list":["post-2135","post","type-post","status-publish","format-standard","has-post-thumbnail","hentry","category-blog","category-fesztivalok"],"yoast_head":"<!-- This site is optimized with the Yoast SEO plugin v27.0 - https:\/\/yoast.com\/product\/yoast-seo-wordpress\/ -->\n<title>9. Savaria Filmszemle - nevez\u00e9s - MAFSZ<\/title>\n<meta name=\"robots\" content=\"index, follow, max-snippet:-1, max-image-preview:large, max-video-preview:-1\" \/>\n<link rel=\"canonical\" href=\"https:\/\/www.mafsz.hu\/index.php\/2022\/01\/12\/9-savaria-filmszemle-nevezes\/\" \/>\n<meta property=\"og:locale\" content=\"hu_HU\" \/>\n<meta property=\"og:type\" content=\"article\" \/>\n<meta property=\"og:title\" content=\"9. Savaria Filmszemle - nevez\u00e9s - MAFSZ\" \/>\n<meta property=\"og:description\" content=\"A SAVARIA Filmakad\u00e9mia Egyes\u00fclet 2022-ben is meghirdeti a Savaria Filmszeml\u00e9t. Id\u0151pont: 2022. m\u00e1jus 11-13. Az idei esztend\u0151ben az al\u00e1bbi tematikus &hellip; Continue reading 9. Savaria Filmszemle &#8211; nevez\u00e9s\" \/>\n<meta property=\"og:url\" content=\"https:\/\/www.mafsz.hu\/index.php\/2022\/01\/12\/9-savaria-filmszemle-nevezes\/\" \/>\n<meta property=\"og:site_name\" content=\"MAFSZ\" \/>\n<meta property=\"article:publisher\" content=\"https:\/\/www.facebook.com\/MAFSZ\/\" \/>\n<meta property=\"article:published_time\" content=\"2022-01-12T18:22:34+00:00\" \/>\n<meta property=\"article:modified_time\" content=\"2022-01-12T18:23:45+00:00\" \/>\n<meta property=\"og:image\" content=\"https:\/\/www.mafsz.hu\/wp-content\/uploads\/2022\/01\/savaria-filmszemle.jpg\" \/>\n\t<meta property=\"og:image:width\" content=\"1200\" \/>\n\t<meta property=\"og:image:height\" content=\"628\" \/>\n\t<meta property=\"og:image:type\" content=\"image\/jpeg\" \/>\n<meta name=\"author\" content=\"Tibor\" \/>\n<meta name=\"twitter:card\" content=\"summary_large_image\" \/>\n<meta name=\"twitter:label1\" content=\"Szerz\u0151:\" \/>\n\t<meta name=\"twitter:data1\" content=\"Tibor\" \/>\n\t<meta name=\"twitter:label2\" content=\"Becs\u00fclt olvas\u00e1si id\u0151\" \/>\n\t<meta name=\"twitter:data2\" content=\"1 perc\" \/>\n<script type=\"application\/ld+json\" class=\"yoast-schema-graph\">{\"@context\":\"https:\/\/schema.org\",\"@graph\":[{\"@type\":\"Article\",\"@id\":\"https:\/\/www.mafsz.hu\/index.php\/2022\/01\/12\/9-savaria-filmszemle-nevezes\/#article\",\"isPartOf\":{\"@id\":\"https:\/\/www.mafsz.hu\/index.php\/2022\/01\/12\/9-savaria-filmszemle-nevezes\/\"},\"author\":{\"name\":\"Tibor\",\"@id\":\"https:\/\/www.mafsz.hu\/#\/schema\/person\/ed6d13101307f5cde06bfbe395558e9e\"},\"headline\":\"9. Savaria Filmszemle &#8211; nevez\u00e9s\",\"datePublished\":\"2022-01-12T18:22:34+00:00\",\"dateModified\":\"2022-01-12T18:23:45+00:00\",\"mainEntityOfPage\":{\"@id\":\"https:\/\/www.mafsz.hu\/index.php\/2022\/01\/12\/9-savaria-filmszemle-nevezes\/\"},\"wordCount\":275,\"publisher\":{\"@id\":\"https:\/\/www.mafsz.hu\/#organization\"},\"image\":{\"@id\":\"https:\/\/www.mafsz.hu\/index.php\/2022\/01\/12\/9-savaria-filmszemle-nevezes\/#primaryimage\"},\"thumbnailUrl\":\"https:\/\/www.mafsz.hu\/wp-content\/uploads\/2022\/01\/savaria-filmszemle.jpg\",\"articleSection\":[\"Blog\",\"Fesztiv\u00e1lok\"],\"inLanguage\":\"hu\"},{\"@type\":\"WebPage\",\"@id\":\"https:\/\/www.mafsz.hu\/index.php\/2022\/01\/12\/9-savaria-filmszemle-nevezes\/\",\"url\":\"https:\/\/www.mafsz.hu\/index.php\/2022\/01\/12\/9-savaria-filmszemle-nevezes\/\",\"name\":\"9. Savaria Filmszemle - nevez\u00e9s - MAFSZ\",\"isPartOf\":{\"@id\":\"https:\/\/www.mafsz.hu\/#website\"},\"primaryImageOfPage\":{\"@id\":\"https:\/\/www.mafsz.hu\/index.php\/2022\/01\/12\/9-savaria-filmszemle-nevezes\/#primaryimage\"},\"image\":{\"@id\":\"https:\/\/www.mafsz.hu\/index.php\/2022\/01\/12\/9-savaria-filmszemle-nevezes\/#primaryimage\"},\"thumbnailUrl\":\"https:\/\/www.mafsz.hu\/wp-content\/uploads\/2022\/01\/savaria-filmszemle.jpg\",\"datePublished\":\"2022-01-12T18:22:34+00:00\",\"dateModified\":\"2022-01-12T18:23:45+00:00\",\"breadcrumb\":{\"@id\":\"https:\/\/www.mafsz.hu\/index.php\/2022\/01\/12\/9-savaria-filmszemle-nevezes\/#breadcrumb\"},\"inLanguage\":\"hu\",\"potentialAction\":[{\"@type\":\"ReadAction\",\"target\":[\"https:\/\/www.mafsz.hu\/index.php\/2022\/01\/12\/9-savaria-filmszemle-nevezes\/\"]}]},{\"@type\":\"ImageObject\",\"inLanguage\":\"hu\",\"@id\":\"https:\/\/www.mafsz.hu\/index.php\/2022\/01\/12\/9-savaria-filmszemle-nevezes\/#primaryimage\",\"url\":\"https:\/\/www.mafsz.hu\/wp-content\/uploads\/2022\/01\/savaria-filmszemle.jpg\",\"contentUrl\":\"https:\/\/www.mafsz.hu\/wp-content\/uploads\/2022\/01\/savaria-filmszemle.jpg\",\"width\":1200,\"height\":628},{\"@type\":\"BreadcrumbList\",\"@id\":\"https:\/\/www.mafsz.hu\/index.php\/2022\/01\/12\/9-savaria-filmszemle-nevezes\/#breadcrumb\",\"itemListElement\":[{\"@type\":\"ListItem\",\"position\":1,\"name\":\"Home\",\"item\":\"https:\/\/www.mafsz.hu\/\"},{\"@type\":\"ListItem\",\"position\":2,\"name\":\"9. Savaria Filmszemle &#8211; nevez\u00e9s\"}]},{\"@type\":\"WebSite\",\"@id\":\"https:\/\/www.mafsz.hu\/#website\",\"url\":\"https:\/\/www.mafsz.hu\/\",\"name\":\"MAFSZ - Magyar F\u00fcggetlen Film \u00e9s Vide\u00f3 Sz\u00f6vets\u00e9g\",\"description\":\"Magyar F\u00fcggetlen Film \u00e9s Video Sz\u00f6vets\u00e9g\",\"publisher\":{\"@id\":\"https:\/\/www.mafsz.hu\/#organization\"},\"potentialAction\":[{\"@type\":\"SearchAction\",\"target\":{\"@type\":\"EntryPoint\",\"urlTemplate\":\"https:\/\/www.mafsz.hu\/?s={search_term_string}\"},\"query-input\":{\"@type\":\"PropertyValueSpecification\",\"valueRequired\":true,\"valueName\":\"search_term_string\"}}],\"inLanguage\":\"hu\"},{\"@type\":\"Organization\",\"@id\":\"https:\/\/www.mafsz.hu\/#organization\",\"name\":\"Magyar F\u00fcggetlen Film \u00e9s Video Sz\u00f6vets\u00e9g\",\"url\":\"https:\/\/www.mafsz.hu\/\",\"logo\":{\"@type\":\"ImageObject\",\"inLanguage\":\"hu\",\"@id\":\"https:\/\/www.mafsz.hu\/#\/schema\/logo\/image\/\",\"url\":\"https:\/\/www.mafsz.hu\/wp-content\/uploads\/2019\/01\/Mafszlogo_ff_72dpi_2018.jpg\",\"contentUrl\":\"https:\/\/www.mafsz.hu\/wp-content\/uploads\/2019\/01\/Mafszlogo_ff_72dpi_2018.jpg\",\"width\":724,\"height\":705,\"caption\":\"Magyar F\u00fcggetlen Film \u00e9s Video Sz\u00f6vets\u00e9g\"},\"image\":{\"@id\":\"https:\/\/www.mafsz.hu\/#\/schema\/logo\/image\/\"},\"sameAs\":[\"https:\/\/www.facebook.com\/MAFSZ\/\",\"https:\/\/www.instagram.com\/mafsz31\",\"https:\/\/www.youtube.com\/channel\/UC0VaPk-iRomi0S1rTqAlFZg\"]},{\"@type\":\"Person\",\"@id\":\"https:\/\/www.mafsz.hu\/#\/schema\/person\/ed6d13101307f5cde06bfbe395558e9e\",\"name\":\"Tibor\",\"image\":{\"@type\":\"ImageObject\",\"inLanguage\":\"hu\",\"@id\":\"https:\/\/www.mafsz.hu\/#\/schema\/person\/image\/\",\"url\":\"https:\/\/secure.gravatar.com\/avatar\/8d68b7b31e184841adc59e84c315f347205df6bd0f721e559dbe771e23107811?s=96&d=identicon&r=g\",\"contentUrl\":\"https:\/\/secure.gravatar.com\/avatar\/8d68b7b31e184841adc59e84c315f347205df6bd0f721e559dbe771e23107811?s=96&d=identicon&r=g\",\"caption\":\"Tibor\"}}]}<\/script>\n<!-- \/ Yoast SEO plugin. -->","yoast_head_json":{"title":"9. Savaria Filmszemle - nevez\u00e9s - MAFSZ","robots":{"index":"index","follow":"follow","max-snippet":"max-snippet:-1","max-image-preview":"max-image-preview:large","max-video-preview":"max-video-preview:-1"},"canonical":"https:\/\/www.mafsz.hu\/index.php\/2022\/01\/12\/9-savaria-filmszemle-nevezes\/","og_locale":"hu_HU","og_type":"article","og_title":"9. Savaria Filmszemle - nevez\u00e9s - MAFSZ","og_description":"A SAVARIA Filmakad\u00e9mia Egyes\u00fclet 2022-ben is meghirdeti a Savaria Filmszeml\u00e9t. Id\u0151pont: 2022. m\u00e1jus 11-13. Az idei esztend\u0151ben az al\u00e1bbi tematikus &hellip; Continue reading 9. Savaria Filmszemle &#8211; nevez\u00e9s","og_url":"https:\/\/www.mafsz.hu\/index.php\/2022\/01\/12\/9-savaria-filmszemle-nevezes\/","og_site_name":"MAFSZ","article_publisher":"https:\/\/www.facebook.com\/MAFSZ\/","article_published_time":"2022-01-12T18:22:34+00:00","article_modified_time":"2022-01-12T18:23:45+00:00","og_image":[{"width":1200,"height":628,"url":"https:\/\/www.mafsz.hu\/wp-content\/uploads\/2022\/01\/savaria-filmszemle.jpg","type":"image\/jpeg"}],"author":"Tibor","twitter_card":"summary_large_image","twitter_misc":{"Szerz\u0151:":"Tibor","Becs\u00fclt olvas\u00e1si id\u0151":"1 perc"},"schema":{"@context":"https:\/\/schema.org","@graph":[{"@type":"Article","@id":"https:\/\/www.mafsz.hu\/index.php\/2022\/01\/12\/9-savaria-filmszemle-nevezes\/#article","isPartOf":{"@id":"https:\/\/www.mafsz.hu\/index.php\/2022\/01\/12\/9-savaria-filmszemle-nevezes\/"},"author":{"name":"Tibor","@id":"https:\/\/www.mafsz.hu\/#\/schema\/person\/ed6d13101307f5cde06bfbe395558e9e"},"headline":"9. Savaria Filmszemle &#8211; nevez\u00e9s","datePublished":"2022-01-12T18:22:34+00:00","dateModified":"2022-01-12T18:23:45+00:00","mainEntityOfPage":{"@id":"https:\/\/www.mafsz.hu\/index.php\/2022\/01\/12\/9-savaria-filmszemle-nevezes\/"},"wordCount":275,"publisher":{"@id":"https:\/\/www.mafsz.hu\/#organization"},"image":{"@id":"https:\/\/www.mafsz.hu\/index.php\/2022\/01\/12\/9-savaria-filmszemle-nevezes\/#primaryimage"},"thumbnailUrl":"https:\/\/www.mafsz.hu\/wp-content\/uploads\/2022\/01\/savaria-filmszemle.jpg","articleSection":["Blog","Fesztiv\u00e1lok"],"inLanguage":"hu"},{"@type":"WebPage","@id":"https:\/\/www.mafsz.hu\/index.php\/2022\/01\/12\/9-savaria-filmszemle-nevezes\/","url":"https:\/\/www.mafsz.hu\/index.php\/2022\/01\/12\/9-savaria-filmszemle-nevezes\/","name":"9. Savaria Filmszemle - nevez\u00e9s - MAFSZ","isPartOf":{"@id":"https:\/\/www.mafsz.hu\/#website"},"primaryImageOfPage":{"@id":"https:\/\/www.mafsz.hu\/index.php\/2022\/01\/12\/9-savaria-filmszemle-nevezes\/#primaryimage"},"image":{"@id":"https:\/\/www.mafsz.hu\/index.php\/2022\/01\/12\/9-savaria-filmszemle-nevezes\/#primaryimage"},"thumbnailUrl":"https:\/\/www.mafsz.hu\/wp-content\/uploads\/2022\/01\/savaria-filmszemle.jpg","datePublished":"2022-01-12T18:22:34+00:00","dateModified":"2022-01-12T18:23:45+00:00","breadcrumb":{"@id":"https:\/\/www.mafsz.hu\/index.php\/2022\/01\/12\/9-savaria-filmszemle-nevezes\/#breadcrumb"},"inLanguage":"hu","potentialAction":[{"@type":"ReadAction","target":["https:\/\/www.mafsz.hu\/index.php\/2022\/01\/12\/9-savaria-filmszemle-nevezes\/"]}]},{"@type":"ImageObject","inLanguage":"hu","@id":"https:\/\/www.mafsz.hu\/index.php\/2022\/01\/12\/9-savaria-filmszemle-nevezes\/#primaryimage","url":"https:\/\/www.mafsz.hu\/wp-content\/uploads\/2022\/01\/savaria-filmszemle.jpg","contentUrl":"https:\/\/www.mafsz.hu\/wp-content\/uploads\/2022\/01\/savaria-filmszemle.jpg","width":1200,"height":628},{"@type":"BreadcrumbList","@id":"https:\/\/www.mafsz.hu\/index.php\/2022\/01\/12\/9-savaria-filmszemle-nevezes\/#breadcrumb","itemListElement":[{"@type":"ListItem","position":1,"name":"Home","item":"https:\/\/www.mafsz.hu\/"},{"@type":"ListItem","position":2,"name":"9. Savaria Filmszemle &#8211; nevez\u00e9s"}]},{"@type":"WebSite","@id":"https:\/\/www.mafsz.hu\/#website","url":"https:\/\/www.mafsz.hu\/","name":"MAFSZ - Magyar F\u00fcggetlen Film \u00e9s Vide\u00f3 Sz\u00f6vets\u00e9g","description":"Magyar F\u00fcggetlen Film \u00e9s Video Sz\u00f6vets\u00e9g","publisher":{"@id":"https:\/\/www.mafsz.hu\/#organization"},"potentialAction":[{"@type":"SearchAction","target":{"@type":"EntryPoint","urlTemplate":"https:\/\/www.mafsz.hu\/?s={search_term_string}"},"query-input":{"@type":"PropertyValueSpecification","valueRequired":true,"valueName":"search_term_string"}}],"inLanguage":"hu"},{"@type":"Organization","@id":"https:\/\/www.mafsz.hu\/#organization","name":"Magyar F\u00fcggetlen Film \u00e9s Video Sz\u00f6vets\u00e9g","url":"https:\/\/www.mafsz.hu\/","logo":{"@type":"ImageObject","inLanguage":"hu","@id":"https:\/\/www.mafsz.hu\/#\/schema\/logo\/image\/","url":"https:\/\/www.mafsz.hu\/wp-content\/uploads\/2019\/01\/Mafszlogo_ff_72dpi_2018.jpg","contentUrl":"https:\/\/www.mafsz.hu\/wp-content\/uploads\/2019\/01\/Mafszlogo_ff_72dpi_2018.jpg","width":724,"height":705,"caption":"Magyar F\u00fcggetlen Film \u00e9s Video Sz\u00f6vets\u00e9g"},"image":{"@id":"https:\/\/www.mafsz.hu\/#\/schema\/logo\/image\/"},"sameAs":["https:\/\/www.facebook.com\/MAFSZ\/","https:\/\/www.instagram.com\/mafsz31","https:\/\/www.youtube.com\/channel\/UC0VaPk-iRomi0S1rTqAlFZg"]},{"@type":"Person","@id":"https:\/\/www.mafsz.hu\/#\/schema\/person\/ed6d13101307f5cde06bfbe395558e9e","name":"Tibor","image":{"@type":"ImageObject","inLanguage":"hu","@id":"https:\/\/www.mafsz.hu\/#\/schema\/person\/image\/","url":"https:\/\/secure.gravatar.com\/avatar\/8d68b7b31e184841adc59e84c315f347205df6bd0f721e559dbe771e23107811?s=96&d=identicon&r=g","contentUrl":"https:\/\/secure.gravatar.com\/avatar\/8d68b7b31e184841adc59e84c315f347205df6bd0f721e559dbe771e23107811?s=96&d=identicon&r=g","caption":"Tibor"}}]}},"jetpack_featured_media_url":"https:\/\/www.mafsz.hu\/wp-content\/uploads\/2022\/01\/savaria-filmszemle.jpg","jetpack_sharing_enabled":true,"_links":{"self":[{"href":"https:\/\/www.mafsz.hu\/index.php\/wp-json\/wp\/v2\/posts\/2135","targetHints":{"allow":["GET"]}}],"collection":[{"href":"https:\/\/www.mafsz.hu\/index.php\/wp-json\/wp\/v2\/posts"}],"about":[{"href":"https:\/\/www.mafsz.hu\/index.php\/wp-json\/wp\/v2\/types\/post"}],"author":[{"embeddable":true,"href":"https:\/\/www.mafsz.hu\/index.php\/wp-json\/wp\/v2\/users\/4"}],"replies":[{"embeddable":true,"href":"https:\/\/www.mafsz.hu\/index.php\/wp-json\/wp\/v2\/comments?post=2135"}],"version-history":[{"count":2,"href":"https:\/\/www.mafsz.hu\/index.php\/wp-json\/wp\/v2\/posts\/2135\/revisions"}],"predecessor-version":[{"id":2139,"href":"https:\/\/www.mafsz.hu\/index.php\/wp-json\/wp\/v2\/posts\/2135\/revisions\/2139"}],"wp:featuredmedia":[{"embeddable":true,"href":"https:\/\/www.mafsz.hu\/index.php\/wp-json\/wp\/v2\/media\/2138"}],"wp:attachment":[{"href":"https:\/\/www.mafsz.hu\/index.php\/wp-json\/wp\/v2\/media?parent=2135"}],"wp:term":[{"taxonomy":"category","embeddable":true,"href":"https:\/\/www.mafsz.hu\/index.php\/wp-json\/wp\/v2\/categories?post=2135"},{"taxonomy":"post_tag","embeddable":true,"href":"https:\/\/www.mafsz.hu\/index.php\/wp-json\/wp\/v2\/tags?post=2135"}],"curies":[{"name":"wp","href":"https:\/\/api.w.org\/{rel}","templated":true}]}}