{"id":2159,"date":"2003-03-20T09:40:48","date_gmt":"2003-03-20T08:40:48","guid":{"rendered":"https:\/\/www.mafsz.hu\/?p=2159"},"modified":"2022-02-28T10:04:57","modified_gmt":"2022-02-28T09:04:57","slug":"50-orszagos-fuggetlenfilm-fesztival","status":"publish","type":"post","link":"https:\/\/www.mafsz.hu\/index.php\/2003\/03\/20\/50-orszagos-fuggetlenfilm-fesztival\/","title":{"rendered":"50. Orsz\u00e1gos F\u00fcggetlenfilm Fesztiv\u00e1l"},"content":{"rendered":"<p>2003. m\u00e1rcius 20-23., Kaposv\u00e1r<!--more--><\/p>\n<p>Zs\u0171rijegyz\u0151k\u00f6nyv<\/p>\n<p><strong>50. Orsz\u00e1gos F\u00fcggetlenfilm Fesztiv\u00e1l<\/strong><\/p>\n<p>A zs\u0171ri tagjai voltak:<\/p>\n<p>Bak\u00e1cs Tibor Settenked\u0151<br \/>\nBerem\u00e9nyi G\u00e9za<br \/>\nCsillag \u00c1d\u00e1m<br \/>\nOrosz Csilla<br \/>\nSchubert Guszt\u00e1v<\/p>\n<p>A legjobb film:<br \/>\n<a href=\"https:\/\/www.youtube.com\/watch?v=nUGsMw5wuNM\" target=\"_blank\" rel=\"noopener\"><strong>Zsebzs\u00f6tem<\/strong><\/a><br \/>\nK\u00e9sz\u00edtette: Salamin Gergely, Szab\u00f3 Simon, Czomba Albert, Koroknyai R\u00f3bert<\/p>\n<p>A legjobb rendez\u00e9s:<br \/>\n<strong>Magyar buletin<\/strong><br \/>\nK\u00e9sz\u00edtette: Ferenczi G\u00e1bor, Muhi Andr\u00e1s, G\u00fcl Togay, Markert K\u00e1roly, Thomas Ernst, Major Istv\u00e1n<br \/>\n<a href=\"https:\/\/vimeo.com\/ondemand\/magamrol\" target=\"_blank\" rel=\"noopener\"><strong>Magamr\u00f3l r\u00f6viden csak annyit\u2026<\/strong><\/a><br \/>\nK\u00e9sz\u00edtette: S\u00f3s \u00c1gnes, Ferenczi G\u00e1bor, Reich L\u00e1szl\u00f3, Thomas Ernst, Major Istv\u00e1n, Muhi Andr\u00e1s<\/p>\n<p>A zs\u0171ri kisj\u00e1t\u00e9kfilm d\u00edja:<br \/>\n<a href=\"https:\/\/vimeo.com\/ondemand\/apofonhitme\/612386026\" target=\"_blank\" rel=\"noopener\"><strong>A Pofon<\/strong><\/a><br \/>\nK\u00e9sz\u00edtette: D\u00e9si Andr\u00e1s Gy\u00f6rgy, M\u00f3ray G\u00e1bor, Csuk\u00e1s S\u00e1ndor, V\u00f6ller \u00c1gnes, Peter Ogi, Z\u00e1nyi<br \/>\nTam\u00e1s, Gulya P\u00e1l, Muhi Andr\u00e1s<\/p>\n<p>A zs\u0171ri dokumentumfilm d\u00edja:<br \/>\n<a href=\"https:\/\/vimeo.com\/32513596\" target=\"_blank\" rel=\"noopener\"><strong>6 Vas\u00e1rnap Magyarorsz\u00e1gon<\/strong><\/a><br \/>\nK\u00e9sz\u00edtette a K\u00f6zg\u00e1z Vizu\u00e1lis Brig\u00e1d st\u00e1bja<\/p>\n<p>Anim\u00e1ci\u00f3s d\u00edj:<br \/>\n<strong>Nebul\u00f3<\/strong><br \/>\nK\u00e9sz\u00edtette: Guly\u00e1s G\u00e1bor<\/p>\n<p>K\u00fcl\u00f6nd\u00edjak:<br \/>\nK\u00e1ldy L\u00e1szl\u00f3: <strong>J\u00f6v\u00f6k, ha tudok<\/strong><br \/>\nF\u00fcredi Zolt\u00e1n: <a href=\"https:\/\/www.youtube.com\/watch?v=X0oP7ymdS0Q\" target=\"_blank\" rel=\"noopener\"><strong>Magyar G\u00e9nmes\u00e9k<\/strong><\/a><br \/>\nGrei Tibor: <strong>Bukolik\u00e1k<\/strong><\/p>\n<p>Kaposv\u00e1r, 2003. m\u00e1rcius 23.<\/p>\n<p>Sajt\u00f3:<\/p>\n<p>Filmvil\u00e1g foly\u00f3irat 2003\/06 47. old. &#8211; <a href=\"https:\/\/www.filmvilag.hu\/xista_frame.php?cikk_id=2360\" target=\"_blank\" rel=\"noopener\">https:\/\/www.filmvilag.hu\/xista_frame.php?cikk_id=2360<\/a><\/p>\n","protected":false},"excerpt":{"rendered":"<p>2003. m\u00e1rcius 20-23., Kaposv\u00e1r<\/p>\n","protected":false},"author":1,"featured_media":245,"comment_status":"closed","ping_status":"open","sticky":false,"template":"","format":"standard","meta":{"_jetpack_memberships_contains_paid_content":false,"footnotes":""},"categories":[8],"tags":[94,359,202],"class_list":["post-2159","post","type-post","status-publish","format-standard","has-post-thumbnail","hentry","category-fesztval-archivum","tag-film-fesztival","tag-kaposvar","tag-orszagos"],"yoast_head":"<!-- This site is optimized with the Yoast SEO plugin v27.0 - https:\/\/yoast.com\/product\/yoast-seo-wordpress\/ -->\n<title>50. Orsz\u00e1gos F\u00fcggetlenfilm Fesztiv\u00e1l - MAFSZ<\/title>\n<meta name=\"description\" content=\"2003. m\u00e1rcius 20-23., Kaposv\u00e1r 50. Orsz\u00e1gos F\u00fcggetlenfilm Fesztiv\u00e1l jegyz\u0151k\u00f6nyv\" \/>\n<meta name=\"robots\" content=\"index, follow, max-snippet:-1, max-image-preview:large, max-video-preview:-1\" \/>\n<link rel=\"canonical\" href=\"https:\/\/www.mafsz.hu\/index.php\/2003\/03\/20\/50-orszagos-fuggetlenfilm-fesztival\/\" \/>\n<meta property=\"og:locale\" content=\"hu_HU\" \/>\n<meta property=\"og:type\" content=\"article\" \/>\n<meta property=\"og:title\" content=\"50. Orsz\u00e1gos F\u00fcggetlenfilm Fesztiv\u00e1l - MAFSZ\" \/>\n<meta property=\"og:description\" content=\"2003. m\u00e1rcius 20-23., Kaposv\u00e1r 50. Orsz\u00e1gos F\u00fcggetlenfilm Fesztiv\u00e1l jegyz\u0151k\u00f6nyv\" \/>\n<meta property=\"og:url\" content=\"https:\/\/www.mafsz.hu\/index.php\/2003\/03\/20\/50-orszagos-fuggetlenfilm-fesztival\/\" \/>\n<meta property=\"og:site_name\" content=\"MAFSZ\" \/>\n<meta property=\"article:publisher\" content=\"https:\/\/www.facebook.com\/MAFSZ\/\" \/>\n<meta property=\"article:published_time\" content=\"2003-03-20T08:40:48+00:00\" \/>\n<meta property=\"article:modified_time\" content=\"2022-02-28T09:04:57+00:00\" \/>\n<meta property=\"og:image\" content=\"https:\/\/www.mafsz.hu\/wp-content\/uploads\/2017\/07\/Mafszlogo_sz_300dpi_regi-copy.png\" \/>\n\t<meta property=\"og:image:width\" content=\"295\" \/>\n\t<meta property=\"og:image:height\" content=\"285\" \/>\n\t<meta property=\"og:image:type\" content=\"image\/png\" \/>\n<meta name=\"author\" content=\"\u00c1d\u00e1m\" \/>\n<meta name=\"twitter:card\" content=\"summary_large_image\" \/>\n<meta name=\"twitter:label1\" content=\"Szerz\u0151:\" \/>\n\t<meta name=\"twitter:data1\" content=\"\u00c1d\u00e1m\" \/>\n\t<meta name=\"twitter:label2\" content=\"Becs\u00fclt olvas\u00e1si id\u0151\" \/>\n\t<meta name=\"twitter:data2\" content=\"1 perc\" \/>\n<script type=\"application\/ld+json\" class=\"yoast-schema-graph\">{\"@context\":\"https:\/\/schema.org\",\"@graph\":[{\"@type\":\"Article\",\"@id\":\"https:\/\/www.mafsz.hu\/index.php\/2003\/03\/20\/50-orszagos-fuggetlenfilm-fesztival\/#article\",\"isPartOf\":{\"@id\":\"https:\/\/www.mafsz.hu\/index.php\/2003\/03\/20\/50-orszagos-fuggetlenfilm-fesztival\/\"},\"author\":{\"name\":\"\u00c1d\u00e1m\",\"@id\":\"https:\/\/www.mafsz.hu\/#\/schema\/person\/549621f00f612642da9d7614098127b6\"},\"headline\":\"50. Orsz\u00e1gos F\u00fcggetlenfilm Fesztiv\u00e1l\",\"datePublished\":\"2003-03-20T08:40:48+00:00\",\"dateModified\":\"2022-02-28T09:04:57+00:00\",\"mainEntityOfPage\":{\"@id\":\"https:\/\/www.mafsz.hu\/index.php\/2003\/03\/20\/50-orszagos-fuggetlenfilm-fesztival\/\"},\"wordCount\":234,\"publisher\":{\"@id\":\"https:\/\/www.mafsz.hu\/#organization\"},\"image\":{\"@id\":\"https:\/\/www.mafsz.hu\/index.php\/2003\/03\/20\/50-orszagos-fuggetlenfilm-fesztival\/#primaryimage\"},\"thumbnailUrl\":\"https:\/\/www.mafsz.hu\/wp-content\/uploads\/2017\/07\/Mafszlogo_sz_300dpi_regi-copy.png\",\"keywords\":[\"film fesztiv\u00e1l\",\"kaposv\u00e1r\",\"orsz\u00e1gos\"],\"articleSection\":[\"Fesztv\u00e1l arch\u00edvum\"],\"inLanguage\":\"hu\"},{\"@type\":\"WebPage\",\"@id\":\"https:\/\/www.mafsz.hu\/index.php\/2003\/03\/20\/50-orszagos-fuggetlenfilm-fesztival\/\",\"url\":\"https:\/\/www.mafsz.hu\/index.php\/2003\/03\/20\/50-orszagos-fuggetlenfilm-fesztival\/\",\"name\":\"50. Orsz\u00e1gos F\u00fcggetlenfilm Fesztiv\u00e1l - MAFSZ\",\"isPartOf\":{\"@id\":\"https:\/\/www.mafsz.hu\/#website\"},\"primaryImageOfPage\":{\"@id\":\"https:\/\/www.mafsz.hu\/index.php\/2003\/03\/20\/50-orszagos-fuggetlenfilm-fesztival\/#primaryimage\"},\"image\":{\"@id\":\"https:\/\/www.mafsz.hu\/index.php\/2003\/03\/20\/50-orszagos-fuggetlenfilm-fesztival\/#primaryimage\"},\"thumbnailUrl\":\"https:\/\/www.mafsz.hu\/wp-content\/uploads\/2017\/07\/Mafszlogo_sz_300dpi_regi-copy.png\",\"datePublished\":\"2003-03-20T08:40:48+00:00\",\"dateModified\":\"2022-02-28T09:04:57+00:00\",\"description\":\"2003. m\u00e1rcius 20-23., Kaposv\u00e1r 50. Orsz\u00e1gos F\u00fcggetlenfilm Fesztiv\u00e1l jegyz\u0151k\u00f6nyv\",\"breadcrumb\":{\"@id\":\"https:\/\/www.mafsz.hu\/index.php\/2003\/03\/20\/50-orszagos-fuggetlenfilm-fesztival\/#breadcrumb\"},\"inLanguage\":\"hu\",\"potentialAction\":[{\"@type\":\"ReadAction\",\"target\":[\"https:\/\/www.mafsz.hu\/index.php\/2003\/03\/20\/50-orszagos-fuggetlenfilm-fesztival\/\"]}]},{\"@type\":\"ImageObject\",\"inLanguage\":\"hu\",\"@id\":\"https:\/\/www.mafsz.hu\/index.php\/2003\/03\/20\/50-orszagos-fuggetlenfilm-fesztival\/#primaryimage\",\"url\":\"https:\/\/www.mafsz.hu\/wp-content\/uploads\/2017\/07\/Mafszlogo_sz_300dpi_regi-copy.png\",\"contentUrl\":\"https:\/\/www.mafsz.hu\/wp-content\/uploads\/2017\/07\/Mafszlogo_sz_300dpi_regi-copy.png\",\"width\":295,\"height\":285},{\"@type\":\"BreadcrumbList\",\"@id\":\"https:\/\/www.mafsz.hu\/index.php\/2003\/03\/20\/50-orszagos-fuggetlenfilm-fesztival\/#breadcrumb\",\"itemListElement\":[{\"@type\":\"ListItem\",\"position\":1,\"name\":\"Home\",\"item\":\"https:\/\/www.mafsz.hu\/\"},{\"@type\":\"ListItem\",\"position\":2,\"name\":\"50. Orsz\u00e1gos F\u00fcggetlenfilm Fesztiv\u00e1l\"}]},{\"@type\":\"WebSite\",\"@id\":\"https:\/\/www.mafsz.hu\/#website\",\"url\":\"https:\/\/www.mafsz.hu\/\",\"name\":\"MAFSZ - Magyar F\u00fcggetlen Film \u00e9s Vide\u00f3 Sz\u00f6vets\u00e9g\",\"description\":\"Magyar F\u00fcggetlen Film \u00e9s Video Sz\u00f6vets\u00e9g\",\"publisher\":{\"@id\":\"https:\/\/www.mafsz.hu\/#organization\"},\"potentialAction\":[{\"@type\":\"SearchAction\",\"target\":{\"@type\":\"EntryPoint\",\"urlTemplate\":\"https:\/\/www.mafsz.hu\/?s={search_term_string}\"},\"query-input\":{\"@type\":\"PropertyValueSpecification\",\"valueRequired\":true,\"valueName\":\"search_term_string\"}}],\"inLanguage\":\"hu\"},{\"@type\":\"Organization\",\"@id\":\"https:\/\/www.mafsz.hu\/#organization\",\"name\":\"Magyar F\u00fcggetlen Film \u00e9s Video Sz\u00f6vets\u00e9g\",\"url\":\"https:\/\/www.mafsz.hu\/\",\"logo\":{\"@type\":\"ImageObject\",\"inLanguage\":\"hu\",\"@id\":\"https:\/\/www.mafsz.hu\/#\/schema\/logo\/image\/\",\"url\":\"https:\/\/www.mafsz.hu\/wp-content\/uploads\/2019\/01\/Mafszlogo_ff_72dpi_2018.jpg\",\"contentUrl\":\"https:\/\/www.mafsz.hu\/wp-content\/uploads\/2019\/01\/Mafszlogo_ff_72dpi_2018.jpg\",\"width\":724,\"height\":705,\"caption\":\"Magyar F\u00fcggetlen Film \u00e9s Video Sz\u00f6vets\u00e9g\"},\"image\":{\"@id\":\"https:\/\/www.mafsz.hu\/#\/schema\/logo\/image\/\"},\"sameAs\":[\"https:\/\/www.facebook.com\/MAFSZ\/\",\"https:\/\/www.instagram.com\/mafsz31\",\"https:\/\/www.youtube.com\/channel\/UC0VaPk-iRomi0S1rTqAlFZg\"]},{\"@type\":\"Person\",\"@id\":\"https:\/\/www.mafsz.hu\/#\/schema\/person\/549621f00f612642da9d7614098127b6\",\"name\":\"\u00c1d\u00e1m\",\"image\":{\"@type\":\"ImageObject\",\"inLanguage\":\"hu\",\"@id\":\"https:\/\/www.mafsz.hu\/#\/schema\/person\/image\/\",\"url\":\"https:\/\/secure.gravatar.com\/avatar\/11851bdb003bd7ae9fda99bf3c88a91b2b9b3e4daf19e1eecae1145adbc699f6?s=96&d=identicon&r=g\",\"contentUrl\":\"https:\/\/secure.gravatar.com\/avatar\/11851bdb003bd7ae9fda99bf3c88a91b2b9b3e4daf19e1eecae1145adbc699f6?s=96&d=identicon&r=g\",\"caption\":\"\u00c1d\u00e1m\"}}]}<\/script>\n<!-- \/ Yoast SEO plugin. -->","yoast_head_json":{"title":"50. Orsz\u00e1gos F\u00fcggetlenfilm Fesztiv\u00e1l - MAFSZ","description":"2003. m\u00e1rcius 20-23., Kaposv\u00e1r 50. Orsz\u00e1gos F\u00fcggetlenfilm Fesztiv\u00e1l jegyz\u0151k\u00f6nyv","robots":{"index":"index","follow":"follow","max-snippet":"max-snippet:-1","max-image-preview":"max-image-preview:large","max-video-preview":"max-video-preview:-1"},"canonical":"https:\/\/www.mafsz.hu\/index.php\/2003\/03\/20\/50-orszagos-fuggetlenfilm-fesztival\/","og_locale":"hu_HU","og_type":"article","og_title":"50. Orsz\u00e1gos F\u00fcggetlenfilm Fesztiv\u00e1l - MAFSZ","og_description":"2003. m\u00e1rcius 20-23., Kaposv\u00e1r 50. Orsz\u00e1gos F\u00fcggetlenfilm Fesztiv\u00e1l jegyz\u0151k\u00f6nyv","og_url":"https:\/\/www.mafsz.hu\/index.php\/2003\/03\/20\/50-orszagos-fuggetlenfilm-fesztival\/","og_site_name":"MAFSZ","article_publisher":"https:\/\/www.facebook.com\/MAFSZ\/","article_published_time":"2003-03-20T08:40:48+00:00","article_modified_time":"2022-02-28T09:04:57+00:00","og_image":[{"width":295,"height":285,"url":"https:\/\/www.mafsz.hu\/wp-content\/uploads\/2017\/07\/Mafszlogo_sz_300dpi_regi-copy.png","type":"image\/png"}],"author":"\u00c1d\u00e1m","twitter_card":"summary_large_image","twitter_misc":{"Szerz\u0151:":"\u00c1d\u00e1m","Becs\u00fclt olvas\u00e1si id\u0151":"1 perc"},"schema":{"@context":"https:\/\/schema.org","@graph":[{"@type":"Article","@id":"https:\/\/www.mafsz.hu\/index.php\/2003\/03\/20\/50-orszagos-fuggetlenfilm-fesztival\/#article","isPartOf":{"@id":"https:\/\/www.mafsz.hu\/index.php\/2003\/03\/20\/50-orszagos-fuggetlenfilm-fesztival\/"},"author":{"name":"\u00c1d\u00e1m","@id":"https:\/\/www.mafsz.hu\/#\/schema\/person\/549621f00f612642da9d7614098127b6"},"headline":"50. Orsz\u00e1gos F\u00fcggetlenfilm Fesztiv\u00e1l","datePublished":"2003-03-20T08:40:48+00:00","dateModified":"2022-02-28T09:04:57+00:00","mainEntityOfPage":{"@id":"https:\/\/www.mafsz.hu\/index.php\/2003\/03\/20\/50-orszagos-fuggetlenfilm-fesztival\/"},"wordCount":234,"publisher":{"@id":"https:\/\/www.mafsz.hu\/#organization"},"image":{"@id":"https:\/\/www.mafsz.hu\/index.php\/2003\/03\/20\/50-orszagos-fuggetlenfilm-fesztival\/#primaryimage"},"thumbnailUrl":"https:\/\/www.mafsz.hu\/wp-content\/uploads\/2017\/07\/Mafszlogo_sz_300dpi_regi-copy.png","keywords":["film fesztiv\u00e1l","kaposv\u00e1r","orsz\u00e1gos"],"articleSection":["Fesztv\u00e1l arch\u00edvum"],"inLanguage":"hu"},{"@type":"WebPage","@id":"https:\/\/www.mafsz.hu\/index.php\/2003\/03\/20\/50-orszagos-fuggetlenfilm-fesztival\/","url":"https:\/\/www.mafsz.hu\/index.php\/2003\/03\/20\/50-orszagos-fuggetlenfilm-fesztival\/","name":"50. Orsz\u00e1gos F\u00fcggetlenfilm Fesztiv\u00e1l - MAFSZ","isPartOf":{"@id":"https:\/\/www.mafsz.hu\/#website"},"primaryImageOfPage":{"@id":"https:\/\/www.mafsz.hu\/index.php\/2003\/03\/20\/50-orszagos-fuggetlenfilm-fesztival\/#primaryimage"},"image":{"@id":"https:\/\/www.mafsz.hu\/index.php\/2003\/03\/20\/50-orszagos-fuggetlenfilm-fesztival\/#primaryimage"},"thumbnailUrl":"https:\/\/www.mafsz.hu\/wp-content\/uploads\/2017\/07\/Mafszlogo_sz_300dpi_regi-copy.png","datePublished":"2003-03-20T08:40:48+00:00","dateModified":"2022-02-28T09:04:57+00:00","description":"2003. m\u00e1rcius 20-23., Kaposv\u00e1r 50. Orsz\u00e1gos F\u00fcggetlenfilm Fesztiv\u00e1l jegyz\u0151k\u00f6nyv","breadcrumb":{"@id":"https:\/\/www.mafsz.hu\/index.php\/2003\/03\/20\/50-orszagos-fuggetlenfilm-fesztival\/#breadcrumb"},"inLanguage":"hu","potentialAction":[{"@type":"ReadAction","target":["https:\/\/www.mafsz.hu\/index.php\/2003\/03\/20\/50-orszagos-fuggetlenfilm-fesztival\/"]}]},{"@type":"ImageObject","inLanguage":"hu","@id":"https:\/\/www.mafsz.hu\/index.php\/2003\/03\/20\/50-orszagos-fuggetlenfilm-fesztival\/#primaryimage","url":"https:\/\/www.mafsz.hu\/wp-content\/uploads\/2017\/07\/Mafszlogo_sz_300dpi_regi-copy.png","contentUrl":"https:\/\/www.mafsz.hu\/wp-content\/uploads\/2017\/07\/Mafszlogo_sz_300dpi_regi-copy.png","width":295,"height":285},{"@type":"BreadcrumbList","@id":"https:\/\/www.mafsz.hu\/index.php\/2003\/03\/20\/50-orszagos-fuggetlenfilm-fesztival\/#breadcrumb","itemListElement":[{"@type":"ListItem","position":1,"name":"Home","item":"https:\/\/www.mafsz.hu\/"},{"@type":"ListItem","position":2,"name":"50. Orsz\u00e1gos F\u00fcggetlenfilm Fesztiv\u00e1l"}]},{"@type":"WebSite","@id":"https:\/\/www.mafsz.hu\/#website","url":"https:\/\/www.mafsz.hu\/","name":"MAFSZ - Magyar F\u00fcggetlen Film \u00e9s Vide\u00f3 Sz\u00f6vets\u00e9g","description":"Magyar F\u00fcggetlen Film \u00e9s Video Sz\u00f6vets\u00e9g","publisher":{"@id":"https:\/\/www.mafsz.hu\/#organization"},"potentialAction":[{"@type":"SearchAction","target":{"@type":"EntryPoint","urlTemplate":"https:\/\/www.mafsz.hu\/?s={search_term_string}"},"query-input":{"@type":"PropertyValueSpecification","valueRequired":true,"valueName":"search_term_string"}}],"inLanguage":"hu"},{"@type":"Organization","@id":"https:\/\/www.mafsz.hu\/#organization","name":"Magyar F\u00fcggetlen Film \u00e9s Video Sz\u00f6vets\u00e9g","url":"https:\/\/www.mafsz.hu\/","logo":{"@type":"ImageObject","inLanguage":"hu","@id":"https:\/\/www.mafsz.hu\/#\/schema\/logo\/image\/","url":"https:\/\/www.mafsz.hu\/wp-content\/uploads\/2019\/01\/Mafszlogo_ff_72dpi_2018.jpg","contentUrl":"https:\/\/www.mafsz.hu\/wp-content\/uploads\/2019\/01\/Mafszlogo_ff_72dpi_2018.jpg","width":724,"height":705,"caption":"Magyar F\u00fcggetlen Film \u00e9s Video Sz\u00f6vets\u00e9g"},"image":{"@id":"https:\/\/www.mafsz.hu\/#\/schema\/logo\/image\/"},"sameAs":["https:\/\/www.facebook.com\/MAFSZ\/","https:\/\/www.instagram.com\/mafsz31","https:\/\/www.youtube.com\/channel\/UC0VaPk-iRomi0S1rTqAlFZg"]},{"@type":"Person","@id":"https:\/\/www.mafsz.hu\/#\/schema\/person\/549621f00f612642da9d7614098127b6","name":"\u00c1d\u00e1m","image":{"@type":"ImageObject","inLanguage":"hu","@id":"https:\/\/www.mafsz.hu\/#\/schema\/person\/image\/","url":"https:\/\/secure.gravatar.com\/avatar\/11851bdb003bd7ae9fda99bf3c88a91b2b9b3e4daf19e1eecae1145adbc699f6?s=96&d=identicon&r=g","contentUrl":"https:\/\/secure.gravatar.com\/avatar\/11851bdb003bd7ae9fda99bf3c88a91b2b9b3e4daf19e1eecae1145adbc699f6?s=96&d=identicon&r=g","caption":"\u00c1d\u00e1m"}}]}},"jetpack_featured_media_url":"https:\/\/www.mafsz.hu\/wp-content\/uploads\/2017\/07\/Mafszlogo_sz_300dpi_regi-copy.png","jetpack_sharing_enabled":true,"_links":{"self":[{"href":"https:\/\/www.mafsz.hu\/index.php\/wp-json\/wp\/v2\/posts\/2159","targetHints":{"allow":["GET"]}}],"collection":[{"href":"https:\/\/www.mafsz.hu\/index.php\/wp-json\/wp\/v2\/posts"}],"about":[{"href":"https:\/\/www.mafsz.hu\/index.php\/wp-json\/wp\/v2\/types\/post"}],"author":[{"embeddable":true,"href":"https:\/\/www.mafsz.hu\/index.php\/wp-json\/wp\/v2\/users\/1"}],"replies":[{"embeddable":true,"href":"https:\/\/www.mafsz.hu\/index.php\/wp-json\/wp\/v2\/comments?post=2159"}],"version-history":[{"count":4,"href":"https:\/\/www.mafsz.hu\/index.php\/wp-json\/wp\/v2\/posts\/2159\/revisions"}],"predecessor-version":[{"id":2163,"href":"https:\/\/www.mafsz.hu\/index.php\/wp-json\/wp\/v2\/posts\/2159\/revisions\/2163"}],"wp:featuredmedia":[{"embeddable":true,"href":"https:\/\/www.mafsz.hu\/index.php\/wp-json\/wp\/v2\/media\/245"}],"wp:attachment":[{"href":"https:\/\/www.mafsz.hu\/index.php\/wp-json\/wp\/v2\/media?parent=2159"}],"wp:term":[{"taxonomy":"category","embeddable":true,"href":"https:\/\/www.mafsz.hu\/index.php\/wp-json\/wp\/v2\/categories?post=2159"},{"taxonomy":"post_tag","embeddable":true,"href":"https:\/\/www.mafsz.hu\/index.php\/wp-json\/wp\/v2\/tags?post=2159"}],"curies":[{"name":"wp","href":"https:\/\/api.w.org\/{rel}","templated":true}]}}