{"id":25,"date":"2009-03-20T20:54:15","date_gmt":"2009-03-20T19:54:15","guid":{"rendered":"http:\/\/www.mafsz.hu\/index.php\/2012\/06\/25\/38-dunantuli-fueggetlenfilm-szemle\/"},"modified":"2021-02-10T18:30:45","modified_gmt":"2021-02-10T17:30:45","slug":"38-dunantuli-fueggetlenfilm-szemle","status":"publish","type":"post","link":"https:\/\/www.mafsz.hu\/index.php\/2009\/03\/20\/38-dunantuli-fueggetlenfilm-szemle\/","title":{"rendered":"38. Dun\u00e1nt\u00fali F\u00fcggetlenfilm Szemle"},"content":{"rendered":"<p>2009. m\u00e1rcius 20-22.<br \/>\nBalatonalm\u00e1di Martinovics u. 18.<\/p>\n<p><!--more--><\/p>\n<h1>Zs\u0171ri:<\/h1>\n<p>Bak\u00e1cs Tibor filmkritikus<br \/>\nBoll\u00f3k Csaba filmrendez\u0151<br \/>\nCzab\u00e1n Gy\u00f6rgy f\u00fcggetlenfilmes<\/p>\n<p>1. d\u00edj:<br \/>\nKotnyek Istv\u00e1n, Ger\u00f3cs L\u00e1szl\u00f3, Szab\u00f3 Zsigmond &#8211; Az ez\u00fcstkor v\u00e9ge<br \/>\n2. d\u00edj:<br \/>\nBoros Ferenc, Horv\u00e1th Zolt\u00e1n &#8211; J\u00e9gkir\u00e1lyn\u0151<br \/>\n3. d\u00edj:<br \/>\nKatits K\u00e1lm\u00e1n &#8211; \u2026\u00e9lni \u00e9s \u00e9lni akartam\u2026<br \/>\nK\u00fcl\u00f6nd\u00edj:<br \/>\nHorv\u00e1th Szil\u00e1rd, Klacs\u00e1n G\u00e1bor &#8211; Csak N\u0151 \u00e9s F\u00e9rfi<\/p>\n<p>Minden d\u00edjazott film tov\u00e1bbjutott az 56. Orsz\u00e1gos F\u00fcggetlenfilm Fesztiv\u00e1lra. A zs\u0171ri tov\u00e1bbjuttatta m\u00e9g<br \/>\nKotnyek Istv\u00e1n, Szab\u00f3 Zsigmond &#8211; H\u00e1rom bagatell c. filmj\u00e9t.<\/p>\n<p>A 38. Dun\u00e1nt\u00fali F\u00fcggetlenfilm Szeml\u00e9r\u0151l \u00edrt\u00e1k:<br \/>\n<a href=\"http:\/\/vaskarika.hu\/hirek\/reszletek\/693\/a_fuggetlenfilmezes_kicsi_kincse_szombathelyi_dijazott_a_38_duna\/\" target=\"_blank\" rel=\"noopener\">[VASKARIKA]<\/a><\/p>\n","protected":false},"excerpt":{"rendered":"<p>2009. m\u00e1rcius 20-22. Balatonalm\u00e1di Martinovics u. 18.<\/p>\n","protected":false},"author":1,"featured_media":122,"comment_status":"open","ping_status":"open","sticky":false,"template":"","format":"standard","meta":{"_jetpack_memberships_contains_paid_content":false,"footnotes":""},"categories":[8],"tags":[],"class_list":["post-25","post","type-post","status-publish","format-standard","has-post-thumbnail","hentry","category-fesztval-archivum"],"yoast_head":"<!-- This site is optimized with the Yoast SEO plugin v27.0 - https:\/\/yoast.com\/product\/yoast-seo-wordpress\/ -->\n<title>38. Dun\u00e1nt\u00fali F\u00fcggetlenfilm Szemle - MAFSZ<\/title>\n<meta name=\"robots\" content=\"index, follow, max-snippet:-1, max-image-preview:large, max-video-preview:-1\" \/>\n<link rel=\"canonical\" href=\"https:\/\/www.mafsz.hu\/index.php\/2009\/03\/20\/38-dunantuli-fueggetlenfilm-szemle\/\" \/>\n<meta property=\"og:locale\" content=\"hu_HU\" \/>\n<meta property=\"og:type\" content=\"article\" \/>\n<meta property=\"og:title\" content=\"38. Dun\u00e1nt\u00fali F\u00fcggetlenfilm Szemle - MAFSZ\" \/>\n<meta property=\"og:description\" content=\"2009. m\u00e1rcius 20-22. Balatonalm\u00e1di Martinovics u. 18.\" \/>\n<meta property=\"og:url\" content=\"https:\/\/www.mafsz.hu\/index.php\/2009\/03\/20\/38-dunantuli-fueggetlenfilm-szemle\/\" \/>\n<meta property=\"og:site_name\" content=\"MAFSZ\" \/>\n<meta property=\"article:publisher\" content=\"https:\/\/www.facebook.com\/MAFSZ\/\" \/>\n<meta property=\"article:published_time\" content=\"2009-03-20T19:54:15+00:00\" \/>\n<meta property=\"article:modified_time\" content=\"2021-02-10T17:30:45+00:00\" \/>\n<meta property=\"og:image\" content=\"https:\/\/www.mafsz.hu\/wp-content\/uploads\/2017\/07\/cropped-kepes_logo_szines.jpg\" \/>\n\t<meta property=\"og:image:width\" content=\"512\" \/>\n\t<meta property=\"og:image:height\" content=\"512\" \/>\n\t<meta property=\"og:image:type\" content=\"image\/jpeg\" \/>\n<meta name=\"author\" content=\"\u00c1d\u00e1m\" \/>\n<meta name=\"twitter:card\" content=\"summary_large_image\" \/>\n<meta name=\"twitter:label1\" content=\"Szerz\u0151:\" \/>\n\t<meta name=\"twitter:data1\" content=\"\u00c1d\u00e1m\" \/>\n\t<meta name=\"twitter:label2\" content=\"Becs\u00fclt olvas\u00e1si id\u0151\" \/>\n\t<meta name=\"twitter:data2\" content=\"1 perc\" \/>\n<script type=\"application\/ld+json\" class=\"yoast-schema-graph\">{\"@context\":\"https:\/\/schema.org\",\"@graph\":[{\"@type\":\"Article\",\"@id\":\"https:\/\/www.mafsz.hu\/index.php\/2009\/03\/20\/38-dunantuli-fueggetlenfilm-szemle\/#article\",\"isPartOf\":{\"@id\":\"https:\/\/www.mafsz.hu\/index.php\/2009\/03\/20\/38-dunantuli-fueggetlenfilm-szemle\/\"},\"author\":{\"name\":\"\u00c1d\u00e1m\",\"@id\":\"https:\/\/www.mafsz.hu\/#\/schema\/person\/549621f00f612642da9d7614098127b6\"},\"headline\":\"38. Dun\u00e1nt\u00fali F\u00fcggetlenfilm Szemle\",\"datePublished\":\"2009-03-20T19:54:15+00:00\",\"dateModified\":\"2021-02-10T17:30:45+00:00\",\"mainEntityOfPage\":{\"@id\":\"https:\/\/www.mafsz.hu\/index.php\/2009\/03\/20\/38-dunantuli-fueggetlenfilm-szemle\/\"},\"wordCount\":131,\"commentCount\":0,\"publisher\":{\"@id\":\"https:\/\/www.mafsz.hu\/#organization\"},\"image\":{\"@id\":\"https:\/\/www.mafsz.hu\/index.php\/2009\/03\/20\/38-dunantuli-fueggetlenfilm-szemle\/#primaryimage\"},\"thumbnailUrl\":\"https:\/\/www.mafsz.hu\/wp-content\/uploads\/2017\/07\/cropped-kepes_logo_szines.jpg\",\"articleSection\":[\"Fesztv\u00e1l arch\u00edvum\"],\"inLanguage\":\"hu\",\"potentialAction\":[{\"@type\":\"CommentAction\",\"name\":\"Comment\",\"target\":[\"https:\/\/www.mafsz.hu\/index.php\/2009\/03\/20\/38-dunantuli-fueggetlenfilm-szemle\/#respond\"]}]},{\"@type\":\"WebPage\",\"@id\":\"https:\/\/www.mafsz.hu\/index.php\/2009\/03\/20\/38-dunantuli-fueggetlenfilm-szemle\/\",\"url\":\"https:\/\/www.mafsz.hu\/index.php\/2009\/03\/20\/38-dunantuli-fueggetlenfilm-szemle\/\",\"name\":\"38. Dun\u00e1nt\u00fali F\u00fcggetlenfilm Szemle - MAFSZ\",\"isPartOf\":{\"@id\":\"https:\/\/www.mafsz.hu\/#website\"},\"primaryImageOfPage\":{\"@id\":\"https:\/\/www.mafsz.hu\/index.php\/2009\/03\/20\/38-dunantuli-fueggetlenfilm-szemle\/#primaryimage\"},\"image\":{\"@id\":\"https:\/\/www.mafsz.hu\/index.php\/2009\/03\/20\/38-dunantuli-fueggetlenfilm-szemle\/#primaryimage\"},\"thumbnailUrl\":\"https:\/\/www.mafsz.hu\/wp-content\/uploads\/2017\/07\/cropped-kepes_logo_szines.jpg\",\"datePublished\":\"2009-03-20T19:54:15+00:00\",\"dateModified\":\"2021-02-10T17:30:45+00:00\",\"breadcrumb\":{\"@id\":\"https:\/\/www.mafsz.hu\/index.php\/2009\/03\/20\/38-dunantuli-fueggetlenfilm-szemle\/#breadcrumb\"},\"inLanguage\":\"hu\",\"potentialAction\":[{\"@type\":\"ReadAction\",\"target\":[\"https:\/\/www.mafsz.hu\/index.php\/2009\/03\/20\/38-dunantuli-fueggetlenfilm-szemle\/\"]}]},{\"@type\":\"ImageObject\",\"inLanguage\":\"hu\",\"@id\":\"https:\/\/www.mafsz.hu\/index.php\/2009\/03\/20\/38-dunantuli-fueggetlenfilm-szemle\/#primaryimage\",\"url\":\"https:\/\/www.mafsz.hu\/wp-content\/uploads\/2017\/07\/cropped-kepes_logo_szines.jpg\",\"contentUrl\":\"https:\/\/www.mafsz.hu\/wp-content\/uploads\/2017\/07\/cropped-kepes_logo_szines.jpg\",\"width\":512,\"height\":512},{\"@type\":\"BreadcrumbList\",\"@id\":\"https:\/\/www.mafsz.hu\/index.php\/2009\/03\/20\/38-dunantuli-fueggetlenfilm-szemle\/#breadcrumb\",\"itemListElement\":[{\"@type\":\"ListItem\",\"position\":1,\"name\":\"Home\",\"item\":\"https:\/\/www.mafsz.hu\/\"},{\"@type\":\"ListItem\",\"position\":2,\"name\":\"38. Dun\u00e1nt\u00fali F\u00fcggetlenfilm Szemle\"}]},{\"@type\":\"WebSite\",\"@id\":\"https:\/\/www.mafsz.hu\/#website\",\"url\":\"https:\/\/www.mafsz.hu\/\",\"name\":\"MAFSZ - Magyar F\u00fcggetlen Film \u00e9s Vide\u00f3 Sz\u00f6vets\u00e9g\",\"description\":\"Magyar F\u00fcggetlen Film \u00e9s Video Sz\u00f6vets\u00e9g\",\"publisher\":{\"@id\":\"https:\/\/www.mafsz.hu\/#organization\"},\"potentialAction\":[{\"@type\":\"SearchAction\",\"target\":{\"@type\":\"EntryPoint\",\"urlTemplate\":\"https:\/\/www.mafsz.hu\/?s={search_term_string}\"},\"query-input\":{\"@type\":\"PropertyValueSpecification\",\"valueRequired\":true,\"valueName\":\"search_term_string\"}}],\"inLanguage\":\"hu\"},{\"@type\":\"Organization\",\"@id\":\"https:\/\/www.mafsz.hu\/#organization\",\"name\":\"Magyar F\u00fcggetlen Film \u00e9s Video Sz\u00f6vets\u00e9g\",\"url\":\"https:\/\/www.mafsz.hu\/\",\"logo\":{\"@type\":\"ImageObject\",\"inLanguage\":\"hu\",\"@id\":\"https:\/\/www.mafsz.hu\/#\/schema\/logo\/image\/\",\"url\":\"https:\/\/www.mafsz.hu\/wp-content\/uploads\/2019\/01\/Mafszlogo_ff_72dpi_2018.jpg\",\"contentUrl\":\"https:\/\/www.mafsz.hu\/wp-content\/uploads\/2019\/01\/Mafszlogo_ff_72dpi_2018.jpg\",\"width\":724,\"height\":705,\"caption\":\"Magyar F\u00fcggetlen Film \u00e9s Video Sz\u00f6vets\u00e9g\"},\"image\":{\"@id\":\"https:\/\/www.mafsz.hu\/#\/schema\/logo\/image\/\"},\"sameAs\":[\"https:\/\/www.facebook.com\/MAFSZ\/\",\"https:\/\/www.instagram.com\/mafsz31\",\"https:\/\/www.youtube.com\/channel\/UC0VaPk-iRomi0S1rTqAlFZg\"]},{\"@type\":\"Person\",\"@id\":\"https:\/\/www.mafsz.hu\/#\/schema\/person\/549621f00f612642da9d7614098127b6\",\"name\":\"\u00c1d\u00e1m\",\"image\":{\"@type\":\"ImageObject\",\"inLanguage\":\"hu\",\"@id\":\"https:\/\/www.mafsz.hu\/#\/schema\/person\/image\/\",\"url\":\"https:\/\/secure.gravatar.com\/avatar\/11851bdb003bd7ae9fda99bf3c88a91b2b9b3e4daf19e1eecae1145adbc699f6?s=96&d=identicon&r=g\",\"contentUrl\":\"https:\/\/secure.gravatar.com\/avatar\/11851bdb003bd7ae9fda99bf3c88a91b2b9b3e4daf19e1eecae1145adbc699f6?s=96&d=identicon&r=g\",\"caption\":\"\u00c1d\u00e1m\"}}]}<\/script>\n<!-- \/ Yoast SEO plugin. -->","yoast_head_json":{"title":"38. Dun\u00e1nt\u00fali F\u00fcggetlenfilm Szemle - MAFSZ","robots":{"index":"index","follow":"follow","max-snippet":"max-snippet:-1","max-image-preview":"max-image-preview:large","max-video-preview":"max-video-preview:-1"},"canonical":"https:\/\/www.mafsz.hu\/index.php\/2009\/03\/20\/38-dunantuli-fueggetlenfilm-szemle\/","og_locale":"hu_HU","og_type":"article","og_title":"38. Dun\u00e1nt\u00fali F\u00fcggetlenfilm Szemle - MAFSZ","og_description":"2009. m\u00e1rcius 20-22. Balatonalm\u00e1di Martinovics u. 18.","og_url":"https:\/\/www.mafsz.hu\/index.php\/2009\/03\/20\/38-dunantuli-fueggetlenfilm-szemle\/","og_site_name":"MAFSZ","article_publisher":"https:\/\/www.facebook.com\/MAFSZ\/","article_published_time":"2009-03-20T19:54:15+00:00","article_modified_time":"2021-02-10T17:30:45+00:00","og_image":[{"width":512,"height":512,"url":"https:\/\/www.mafsz.hu\/wp-content\/uploads\/2017\/07\/cropped-kepes_logo_szines.jpg","type":"image\/jpeg"}],"author":"\u00c1d\u00e1m","twitter_card":"summary_large_image","twitter_misc":{"Szerz\u0151:":"\u00c1d\u00e1m","Becs\u00fclt olvas\u00e1si id\u0151":"1 perc"},"schema":{"@context":"https:\/\/schema.org","@graph":[{"@type":"Article","@id":"https:\/\/www.mafsz.hu\/index.php\/2009\/03\/20\/38-dunantuli-fueggetlenfilm-szemle\/#article","isPartOf":{"@id":"https:\/\/www.mafsz.hu\/index.php\/2009\/03\/20\/38-dunantuli-fueggetlenfilm-szemle\/"},"author":{"name":"\u00c1d\u00e1m","@id":"https:\/\/www.mafsz.hu\/#\/schema\/person\/549621f00f612642da9d7614098127b6"},"headline":"38. Dun\u00e1nt\u00fali F\u00fcggetlenfilm Szemle","datePublished":"2009-03-20T19:54:15+00:00","dateModified":"2021-02-10T17:30:45+00:00","mainEntityOfPage":{"@id":"https:\/\/www.mafsz.hu\/index.php\/2009\/03\/20\/38-dunantuli-fueggetlenfilm-szemle\/"},"wordCount":131,"commentCount":0,"publisher":{"@id":"https:\/\/www.mafsz.hu\/#organization"},"image":{"@id":"https:\/\/www.mafsz.hu\/index.php\/2009\/03\/20\/38-dunantuli-fueggetlenfilm-szemle\/#primaryimage"},"thumbnailUrl":"https:\/\/www.mafsz.hu\/wp-content\/uploads\/2017\/07\/cropped-kepes_logo_szines.jpg","articleSection":["Fesztv\u00e1l arch\u00edvum"],"inLanguage":"hu","potentialAction":[{"@type":"CommentAction","name":"Comment","target":["https:\/\/www.mafsz.hu\/index.php\/2009\/03\/20\/38-dunantuli-fueggetlenfilm-szemle\/#respond"]}]},{"@type":"WebPage","@id":"https:\/\/www.mafsz.hu\/index.php\/2009\/03\/20\/38-dunantuli-fueggetlenfilm-szemle\/","url":"https:\/\/www.mafsz.hu\/index.php\/2009\/03\/20\/38-dunantuli-fueggetlenfilm-szemle\/","name":"38. Dun\u00e1nt\u00fali F\u00fcggetlenfilm Szemle - MAFSZ","isPartOf":{"@id":"https:\/\/www.mafsz.hu\/#website"},"primaryImageOfPage":{"@id":"https:\/\/www.mafsz.hu\/index.php\/2009\/03\/20\/38-dunantuli-fueggetlenfilm-szemle\/#primaryimage"},"image":{"@id":"https:\/\/www.mafsz.hu\/index.php\/2009\/03\/20\/38-dunantuli-fueggetlenfilm-szemle\/#primaryimage"},"thumbnailUrl":"https:\/\/www.mafsz.hu\/wp-content\/uploads\/2017\/07\/cropped-kepes_logo_szines.jpg","datePublished":"2009-03-20T19:54:15+00:00","dateModified":"2021-02-10T17:30:45+00:00","breadcrumb":{"@id":"https:\/\/www.mafsz.hu\/index.php\/2009\/03\/20\/38-dunantuli-fueggetlenfilm-szemle\/#breadcrumb"},"inLanguage":"hu","potentialAction":[{"@type":"ReadAction","target":["https:\/\/www.mafsz.hu\/index.php\/2009\/03\/20\/38-dunantuli-fueggetlenfilm-szemle\/"]}]},{"@type":"ImageObject","inLanguage":"hu","@id":"https:\/\/www.mafsz.hu\/index.php\/2009\/03\/20\/38-dunantuli-fueggetlenfilm-szemle\/#primaryimage","url":"https:\/\/www.mafsz.hu\/wp-content\/uploads\/2017\/07\/cropped-kepes_logo_szines.jpg","contentUrl":"https:\/\/www.mafsz.hu\/wp-content\/uploads\/2017\/07\/cropped-kepes_logo_szines.jpg","width":512,"height":512},{"@type":"BreadcrumbList","@id":"https:\/\/www.mafsz.hu\/index.php\/2009\/03\/20\/38-dunantuli-fueggetlenfilm-szemle\/#breadcrumb","itemListElement":[{"@type":"ListItem","position":1,"name":"Home","item":"https:\/\/www.mafsz.hu\/"},{"@type":"ListItem","position":2,"name":"38. Dun\u00e1nt\u00fali F\u00fcggetlenfilm Szemle"}]},{"@type":"WebSite","@id":"https:\/\/www.mafsz.hu\/#website","url":"https:\/\/www.mafsz.hu\/","name":"MAFSZ - Magyar F\u00fcggetlen Film \u00e9s Vide\u00f3 Sz\u00f6vets\u00e9g","description":"Magyar F\u00fcggetlen Film \u00e9s Video Sz\u00f6vets\u00e9g","publisher":{"@id":"https:\/\/www.mafsz.hu\/#organization"},"potentialAction":[{"@type":"SearchAction","target":{"@type":"EntryPoint","urlTemplate":"https:\/\/www.mafsz.hu\/?s={search_term_string}"},"query-input":{"@type":"PropertyValueSpecification","valueRequired":true,"valueName":"search_term_string"}}],"inLanguage":"hu"},{"@type":"Organization","@id":"https:\/\/www.mafsz.hu\/#organization","name":"Magyar F\u00fcggetlen Film \u00e9s Video Sz\u00f6vets\u00e9g","url":"https:\/\/www.mafsz.hu\/","logo":{"@type":"ImageObject","inLanguage":"hu","@id":"https:\/\/www.mafsz.hu\/#\/schema\/logo\/image\/","url":"https:\/\/www.mafsz.hu\/wp-content\/uploads\/2019\/01\/Mafszlogo_ff_72dpi_2018.jpg","contentUrl":"https:\/\/www.mafsz.hu\/wp-content\/uploads\/2019\/01\/Mafszlogo_ff_72dpi_2018.jpg","width":724,"height":705,"caption":"Magyar F\u00fcggetlen Film \u00e9s Video Sz\u00f6vets\u00e9g"},"image":{"@id":"https:\/\/www.mafsz.hu\/#\/schema\/logo\/image\/"},"sameAs":["https:\/\/www.facebook.com\/MAFSZ\/","https:\/\/www.instagram.com\/mafsz31","https:\/\/www.youtube.com\/channel\/UC0VaPk-iRomi0S1rTqAlFZg"]},{"@type":"Person","@id":"https:\/\/www.mafsz.hu\/#\/schema\/person\/549621f00f612642da9d7614098127b6","name":"\u00c1d\u00e1m","image":{"@type":"ImageObject","inLanguage":"hu","@id":"https:\/\/www.mafsz.hu\/#\/schema\/person\/image\/","url":"https:\/\/secure.gravatar.com\/avatar\/11851bdb003bd7ae9fda99bf3c88a91b2b9b3e4daf19e1eecae1145adbc699f6?s=96&d=identicon&r=g","contentUrl":"https:\/\/secure.gravatar.com\/avatar\/11851bdb003bd7ae9fda99bf3c88a91b2b9b3e4daf19e1eecae1145adbc699f6?s=96&d=identicon&r=g","caption":"\u00c1d\u00e1m"}}]}},"jetpack_featured_media_url":"https:\/\/www.mafsz.hu\/wp-content\/uploads\/2017\/07\/cropped-kepes_logo_szines.jpg","jetpack_sharing_enabled":true,"_links":{"self":[{"href":"https:\/\/www.mafsz.hu\/index.php\/wp-json\/wp\/v2\/posts\/25","targetHints":{"allow":["GET"]}}],"collection":[{"href":"https:\/\/www.mafsz.hu\/index.php\/wp-json\/wp\/v2\/posts"}],"about":[{"href":"https:\/\/www.mafsz.hu\/index.php\/wp-json\/wp\/v2\/types\/post"}],"author":[{"embeddable":true,"href":"https:\/\/www.mafsz.hu\/index.php\/wp-json\/wp\/v2\/users\/1"}],"replies":[{"embeddable":true,"href":"https:\/\/www.mafsz.hu\/index.php\/wp-json\/wp\/v2\/comments?post=25"}],"version-history":[{"count":2,"href":"https:\/\/www.mafsz.hu\/index.php\/wp-json\/wp\/v2\/posts\/25\/revisions"}],"predecessor-version":[{"id":2010,"href":"https:\/\/www.mafsz.hu\/index.php\/wp-json\/wp\/v2\/posts\/25\/revisions\/2010"}],"wp:featuredmedia":[{"embeddable":true,"href":"https:\/\/www.mafsz.hu\/index.php\/wp-json\/wp\/v2\/media\/122"}],"wp:attachment":[{"href":"https:\/\/www.mafsz.hu\/index.php\/wp-json\/wp\/v2\/media?parent=25"}],"wp:term":[{"taxonomy":"category","embeddable":true,"href":"https:\/\/www.mafsz.hu\/index.php\/wp-json\/wp\/v2\/categories?post=25"},{"taxonomy":"post_tag","embeddable":true,"href":"https:\/\/www.mafsz.hu\/index.php\/wp-json\/wp\/v2\/tags?post=25"}],"curies":[{"name":"wp","href":"https:\/\/api.w.org\/{rel}","templated":true}]}}