{"id":35,"date":"2006-10-15T21:04:53","date_gmt":"2006-10-15T20:04:53","guid":{"rendered":"http:\/\/www.mafsz.hu\/index.php\/2012\/06\/25\/36-dunantuli-fueggetlenfilm-szemle\/"},"modified":"2021-02-03T01:06:18","modified_gmt":"2021-02-03T00:06:18","slug":"36-dunantuli-fueggetlenfilm-szemle","status":"publish","type":"post","link":"https:\/\/www.mafsz.hu\/index.php\/2006\/10\/15\/36-dunantuli-fueggetlenfilm-szemle\/","title":{"rendered":"36. Dun\u00e1nt\u00fali F\u00fcggetlenfilm Szemle"},"content":{"rendered":"<p>A szeml\u00e9n 38 film vet\u00edt\u00e9s\u00e9re ker\u00fclt sor, melyek a Dun\u00e1t\u00f3l nyugatra fekv\u0151 megy\u00e9kb\u0151l \u00e9rkeztek.<\/p>\n<p><!--more--><\/p>\n<p>2006. okt\u00f3ber 15. Szombathely<\/p>\n<p>A zs\u0171ri \u00e9rt\u00e9kel\u00e9s\u00e9ben eredm\u00e9nyesnek, izgalmasnak \u00e9s magas sz\u00ednvonal\u00fanak \u00edt\u00e9lte a szeml\u00e9n levet\u00edtett alkot\u00e1sokat. F\u0151d\u00edjat nem adott ki, de az I. d\u00edjat n\u00e9gy egyenrang\u00fa alkot\u00e1snak \u00edt\u00e9lte megosztva, illetve a d\u00edjak oda\u00edt\u00e9l\u00e9s\u00e9r\u0151l, melyeket a Nemzeti Kultur\u00e1lis \u00d6r\u00f6ks\u00e9g Miniszt\u00e9riuma, a Magyar Mozg\u00f3k\u00e9p K\u00f6zalap\u00edtv\u00e1ny, az \u00cdr\u00f3k\u00e9z Kft, a K.O. K\u00f6nyvesbolt, V\u00f6r\u00f6s Ferenc fest\u0151m\u0171v\u00e9sz \u00e9s a Jenei Gal\u00e9ria, a Computer Brothers, a Mediawave Alap\u00edtv\u00e1ny, illetve a Mozinet magazin, a Filmm\u00fazeum, a Filmvil\u00e1g, a Metropolis \u00e9s a Perg\u0151 K\u00e9pek aj\u00e1nlott fel, a zs\u0171ri a k\u00f6vetkez\u0151k\u00e9ppen d\u00f6nt\u00f6tt:<\/p>\n<p>I. d\u00edj megosztva:<\/p>\n<ul>\n<li>Ger\u00f3cs L\u00e1szl\u00f3nak, Kotnyek Istv\u00e1nnak \u00e9s Kal\u00e1sz J\u00f3zsefnek a T\u00c1VOL c\u00edm\u0171 filmj\u00e9\u00e9rt<\/li>\n<li>Mester \u00c1kosnak a HI\u00c1NY c\u00edm\u0171 filmj\u00e9\u00e9rt<\/li>\n<li>Licht D\u00e1nielnek az APA KOCSIT HAJT c\u00edm\u0171 filmj\u00e9\u00e9rt<\/li>\n<li>Csobod Juditnak \u00e9s B\u00edr\u00f3 Andre\u00e1nak a 12 000 T\u00c9GLA c\u00edm\u0171 filmj\u00e9\u00e9rt<\/li>\n<\/ul>\n<p>K\u00fcl\u00f6nd\u00edjak:<\/p>\n<ul>\n<li>Balogh J\u00e1nosnak, Boros Ferencnek, Cs\u00f3ka Mikl\u00f3snak \u00e9s Horv\u00e1th Zolt\u00e1nnak a VILLAN\u00c1S A V\u00c9GTELEN IDOBEN c\u00edm\u0171 filmj\u00e9\u00e9rt<\/li>\n<li>Cs\u00e1tich Ren\u00e1t\u00f3nak \u00e9s Arat\u00f3 P\u00e9ternek az \u00c9N TUDOM c\u00edm\u0171 filmj\u00e9\u00e9rt<\/li>\n<li>Katits K\u00e1lm\u00e1nnak AZ \u00c9N BAJ\u00c1M c\u00edm\u0171 filmj\u00e9\u00e9rt<\/li>\n<li>Kovacsics Mikl\u00f3snak a <a href=\"https:\/\/www.youtube.com\/watch?v=4xDA7Wwt86Y\">CSIN\u00c1LJ SOK-SOK GYERMEKET<\/a> c\u00edm\u0171 filmj\u00e9\u00e9rt<\/li>\n<li>Turi G\u00e1bornak a KONTENPL\u00c1NOK c\u00edm\u0171 filmj\u00e9\u00e9rt<\/li>\n<li>K\u00e1ldy L\u00e1szl\u00f3nak a J\u00d3L N\u00c9ZEL KI c\u00edm\u0171 filmj\u00e9\u00e9rt<\/li>\n<li>Hel\u00e9nyi Tam\u00e1snak A SUSZTER \u00c9S A L\u00c1NGI GR\u00d3F c\u00edm\u0171 filmj\u00e9\u00e9rt<\/li>\n<\/ul>\n<p>A zs\u0171ri az elso d\u00edjas filmek mellett az al\u00e1bbi filmeket juttatta tov\u00e1bb az 54. Orsz\u00e1gos Fesztiv\u00e1lra:<\/p>\n<ul>\n<li>VILLAN\u00c1S A V\u00c9GTELEN IDOBEN<\/li>\n<li>\u00c9N TUDOM<\/li>\n<li>AZ \u00c9N BAJ\u00c1M<\/li>\n<li>CSIN\u00c1LJ SOK-SOK GYERMEKET<\/li>\n<li>KONTENPL\u00c1NOK<\/li>\n<\/ul>\n<p align=\"center\"><a href=\"http:\/\/www.mafsz.hu\/wp-content\/uploads\/doc\/36_DUN_jegyzo.pdf\" target=\"_blank\" rel=\"noopener\">A teljes jegyz\u0151k\u00f6nyv let\u00f6ltheto innen&#8230; <\/a><\/p>\n","protected":false},"excerpt":{"rendered":"<p>A szeml\u00e9n 38 film vet\u00edt\u00e9s\u00e9re ker\u00fclt sor, melyek a Dun\u00e1t\u00f3l nyugatra fekv\u0151 megy\u00e9kb\u0151l \u00e9rkeztek.<\/p>\n","protected":false},"author":1,"featured_media":122,"comment_status":"open","ping_status":"open","sticky":false,"template":"","format":"standard","meta":{"_jetpack_memberships_contains_paid_content":false,"footnotes":""},"categories":[8],"tags":[],"class_list":["post-35","post","type-post","status-publish","format-standard","has-post-thumbnail","hentry","category-fesztval-archivum"],"yoast_head":"<!-- This site is optimized with the Yoast SEO plugin v27.0 - https:\/\/yoast.com\/product\/yoast-seo-wordpress\/ -->\n<title>36. Dun\u00e1nt\u00fali F\u00fcggetlenfilm Szemle - MAFSZ<\/title>\n<meta name=\"description\" content=\"A zs\u0171ri \u00e9rt\u00e9kel\u00e9s\u00e9ben eredm\u00e9nyesnek, izgalmasnak \u00e9s magas sz\u00ednvonal\u00fanak \u00edt\u00e9lte a szeml\u00e9n levet\u00edtett alkot\u00e1sokat.\" \/>\n<meta name=\"robots\" content=\"index, follow, max-snippet:-1, max-image-preview:large, max-video-preview:-1\" \/>\n<link rel=\"canonical\" href=\"https:\/\/www.mafsz.hu\/index.php\/2006\/10\/15\/36-dunantuli-fueggetlenfilm-szemle\/\" \/>\n<meta property=\"og:locale\" content=\"hu_HU\" \/>\n<meta property=\"og:type\" content=\"article\" \/>\n<meta property=\"og:title\" content=\"36. Dun\u00e1nt\u00fali F\u00fcggetlenfilm Szemle - MAFSZ\" \/>\n<meta property=\"og:description\" content=\"A zs\u0171ri \u00e9rt\u00e9kel\u00e9s\u00e9ben eredm\u00e9nyesnek, izgalmasnak \u00e9s magas sz\u00ednvonal\u00fanak \u00edt\u00e9lte a szeml\u00e9n levet\u00edtett alkot\u00e1sokat.\" \/>\n<meta property=\"og:url\" content=\"https:\/\/www.mafsz.hu\/index.php\/2006\/10\/15\/36-dunantuli-fueggetlenfilm-szemle\/\" \/>\n<meta property=\"og:site_name\" content=\"MAFSZ\" \/>\n<meta property=\"article:publisher\" content=\"https:\/\/www.facebook.com\/MAFSZ\/\" \/>\n<meta property=\"article:published_time\" content=\"2006-10-15T20:04:53+00:00\" \/>\n<meta property=\"article:modified_time\" content=\"2021-02-03T00:06:18+00:00\" \/>\n<meta property=\"og:image\" content=\"https:\/\/www.mafsz.hu\/wp-content\/uploads\/2017\/07\/cropped-kepes_logo_szines.jpg\" \/>\n\t<meta property=\"og:image:width\" content=\"512\" \/>\n\t<meta property=\"og:image:height\" content=\"512\" \/>\n\t<meta property=\"og:image:type\" content=\"image\/jpeg\" \/>\n<meta name=\"author\" content=\"\u00c1d\u00e1m\" \/>\n<meta name=\"twitter:card\" content=\"summary_large_image\" \/>\n<meta name=\"twitter:label1\" content=\"Szerz\u0151:\" \/>\n\t<meta name=\"twitter:data1\" content=\"\u00c1d\u00e1m\" \/>\n\t<meta name=\"twitter:label2\" content=\"Becs\u00fclt olvas\u00e1si id\u0151\" \/>\n\t<meta name=\"twitter:data2\" content=\"2 perc\" \/>\n<script type=\"application\/ld+json\" class=\"yoast-schema-graph\">{\"@context\":\"https:\/\/schema.org\",\"@graph\":[{\"@type\":\"Article\",\"@id\":\"https:\/\/www.mafsz.hu\/index.php\/2006\/10\/15\/36-dunantuli-fueggetlenfilm-szemle\/#article\",\"isPartOf\":{\"@id\":\"https:\/\/www.mafsz.hu\/index.php\/2006\/10\/15\/36-dunantuli-fueggetlenfilm-szemle\/\"},\"author\":{\"name\":\"\u00c1d\u00e1m\",\"@id\":\"https:\/\/www.mafsz.hu\/#\/schema\/person\/549621f00f612642da9d7614098127b6\"},\"headline\":\"36. Dun\u00e1nt\u00fali F\u00fcggetlenfilm Szemle\",\"datePublished\":\"2006-10-15T20:04:53+00:00\",\"dateModified\":\"2021-02-03T00:06:18+00:00\",\"mainEntityOfPage\":{\"@id\":\"https:\/\/www.mafsz.hu\/index.php\/2006\/10\/15\/36-dunantuli-fueggetlenfilm-szemle\/\"},\"wordCount\":380,\"commentCount\":0,\"publisher\":{\"@id\":\"https:\/\/www.mafsz.hu\/#organization\"},\"image\":{\"@id\":\"https:\/\/www.mafsz.hu\/index.php\/2006\/10\/15\/36-dunantuli-fueggetlenfilm-szemle\/#primaryimage\"},\"thumbnailUrl\":\"https:\/\/www.mafsz.hu\/wp-content\/uploads\/2017\/07\/cropped-kepes_logo_szines.jpg\",\"articleSection\":[\"Fesztv\u00e1l arch\u00edvum\"],\"inLanguage\":\"hu\",\"potentialAction\":[{\"@type\":\"CommentAction\",\"name\":\"Comment\",\"target\":[\"https:\/\/www.mafsz.hu\/index.php\/2006\/10\/15\/36-dunantuli-fueggetlenfilm-szemle\/#respond\"]}]},{\"@type\":\"WebPage\",\"@id\":\"https:\/\/www.mafsz.hu\/index.php\/2006\/10\/15\/36-dunantuli-fueggetlenfilm-szemle\/\",\"url\":\"https:\/\/www.mafsz.hu\/index.php\/2006\/10\/15\/36-dunantuli-fueggetlenfilm-szemle\/\",\"name\":\"36. Dun\u00e1nt\u00fali F\u00fcggetlenfilm Szemle - MAFSZ\",\"isPartOf\":{\"@id\":\"https:\/\/www.mafsz.hu\/#website\"},\"primaryImageOfPage\":{\"@id\":\"https:\/\/www.mafsz.hu\/index.php\/2006\/10\/15\/36-dunantuli-fueggetlenfilm-szemle\/#primaryimage\"},\"image\":{\"@id\":\"https:\/\/www.mafsz.hu\/index.php\/2006\/10\/15\/36-dunantuli-fueggetlenfilm-szemle\/#primaryimage\"},\"thumbnailUrl\":\"https:\/\/www.mafsz.hu\/wp-content\/uploads\/2017\/07\/cropped-kepes_logo_szines.jpg\",\"datePublished\":\"2006-10-15T20:04:53+00:00\",\"dateModified\":\"2021-02-03T00:06:18+00:00\",\"description\":\"A zs\u0171ri \u00e9rt\u00e9kel\u00e9s\u00e9ben eredm\u00e9nyesnek, izgalmasnak \u00e9s magas sz\u00ednvonal\u00fanak \u00edt\u00e9lte a szeml\u00e9n levet\u00edtett alkot\u00e1sokat.\",\"breadcrumb\":{\"@id\":\"https:\/\/www.mafsz.hu\/index.php\/2006\/10\/15\/36-dunantuli-fueggetlenfilm-szemle\/#breadcrumb\"},\"inLanguage\":\"hu\",\"potentialAction\":[{\"@type\":\"ReadAction\",\"target\":[\"https:\/\/www.mafsz.hu\/index.php\/2006\/10\/15\/36-dunantuli-fueggetlenfilm-szemle\/\"]}]},{\"@type\":\"ImageObject\",\"inLanguage\":\"hu\",\"@id\":\"https:\/\/www.mafsz.hu\/index.php\/2006\/10\/15\/36-dunantuli-fueggetlenfilm-szemle\/#primaryimage\",\"url\":\"https:\/\/www.mafsz.hu\/wp-content\/uploads\/2017\/07\/cropped-kepes_logo_szines.jpg\",\"contentUrl\":\"https:\/\/www.mafsz.hu\/wp-content\/uploads\/2017\/07\/cropped-kepes_logo_szines.jpg\",\"width\":512,\"height\":512},{\"@type\":\"BreadcrumbList\",\"@id\":\"https:\/\/www.mafsz.hu\/index.php\/2006\/10\/15\/36-dunantuli-fueggetlenfilm-szemle\/#breadcrumb\",\"itemListElement\":[{\"@type\":\"ListItem\",\"position\":1,\"name\":\"Home\",\"item\":\"https:\/\/www.mafsz.hu\/\"},{\"@type\":\"ListItem\",\"position\":2,\"name\":\"36. Dun\u00e1nt\u00fali F\u00fcggetlenfilm Szemle\"}]},{\"@type\":\"WebSite\",\"@id\":\"https:\/\/www.mafsz.hu\/#website\",\"url\":\"https:\/\/www.mafsz.hu\/\",\"name\":\"MAFSZ - Magyar F\u00fcggetlen Film \u00e9s Vide\u00f3 Sz\u00f6vets\u00e9g\",\"description\":\"Magyar F\u00fcggetlen Film \u00e9s Video Sz\u00f6vets\u00e9g\",\"publisher\":{\"@id\":\"https:\/\/www.mafsz.hu\/#organization\"},\"potentialAction\":[{\"@type\":\"SearchAction\",\"target\":{\"@type\":\"EntryPoint\",\"urlTemplate\":\"https:\/\/www.mafsz.hu\/?s={search_term_string}\"},\"query-input\":{\"@type\":\"PropertyValueSpecification\",\"valueRequired\":true,\"valueName\":\"search_term_string\"}}],\"inLanguage\":\"hu\"},{\"@type\":\"Organization\",\"@id\":\"https:\/\/www.mafsz.hu\/#organization\",\"name\":\"Magyar F\u00fcggetlen Film \u00e9s Video Sz\u00f6vets\u00e9g\",\"url\":\"https:\/\/www.mafsz.hu\/\",\"logo\":{\"@type\":\"ImageObject\",\"inLanguage\":\"hu\",\"@id\":\"https:\/\/www.mafsz.hu\/#\/schema\/logo\/image\/\",\"url\":\"https:\/\/www.mafsz.hu\/wp-content\/uploads\/2019\/01\/Mafszlogo_ff_72dpi_2018.jpg\",\"contentUrl\":\"https:\/\/www.mafsz.hu\/wp-content\/uploads\/2019\/01\/Mafszlogo_ff_72dpi_2018.jpg\",\"width\":724,\"height\":705,\"caption\":\"Magyar F\u00fcggetlen Film \u00e9s Video Sz\u00f6vets\u00e9g\"},\"image\":{\"@id\":\"https:\/\/www.mafsz.hu\/#\/schema\/logo\/image\/\"},\"sameAs\":[\"https:\/\/www.facebook.com\/MAFSZ\/\",\"https:\/\/www.instagram.com\/mafsz31\",\"https:\/\/www.youtube.com\/channel\/UC0VaPk-iRomi0S1rTqAlFZg\"]},{\"@type\":\"Person\",\"@id\":\"https:\/\/www.mafsz.hu\/#\/schema\/person\/549621f00f612642da9d7614098127b6\",\"name\":\"\u00c1d\u00e1m\",\"image\":{\"@type\":\"ImageObject\",\"inLanguage\":\"hu\",\"@id\":\"https:\/\/www.mafsz.hu\/#\/schema\/person\/image\/\",\"url\":\"https:\/\/secure.gravatar.com\/avatar\/11851bdb003bd7ae9fda99bf3c88a91b2b9b3e4daf19e1eecae1145adbc699f6?s=96&d=identicon&r=g\",\"contentUrl\":\"https:\/\/secure.gravatar.com\/avatar\/11851bdb003bd7ae9fda99bf3c88a91b2b9b3e4daf19e1eecae1145adbc699f6?s=96&d=identicon&r=g\",\"caption\":\"\u00c1d\u00e1m\"}}]}<\/script>\n<!-- \/ Yoast SEO plugin. -->","yoast_head_json":{"title":"36. Dun\u00e1nt\u00fali F\u00fcggetlenfilm Szemle - MAFSZ","description":"A zs\u0171ri \u00e9rt\u00e9kel\u00e9s\u00e9ben eredm\u00e9nyesnek, izgalmasnak \u00e9s magas sz\u00ednvonal\u00fanak \u00edt\u00e9lte a szeml\u00e9n levet\u00edtett alkot\u00e1sokat.","robots":{"index":"index","follow":"follow","max-snippet":"max-snippet:-1","max-image-preview":"max-image-preview:large","max-video-preview":"max-video-preview:-1"},"canonical":"https:\/\/www.mafsz.hu\/index.php\/2006\/10\/15\/36-dunantuli-fueggetlenfilm-szemle\/","og_locale":"hu_HU","og_type":"article","og_title":"36. Dun\u00e1nt\u00fali F\u00fcggetlenfilm Szemle - MAFSZ","og_description":"A zs\u0171ri \u00e9rt\u00e9kel\u00e9s\u00e9ben eredm\u00e9nyesnek, izgalmasnak \u00e9s magas sz\u00ednvonal\u00fanak \u00edt\u00e9lte a szeml\u00e9n levet\u00edtett alkot\u00e1sokat.","og_url":"https:\/\/www.mafsz.hu\/index.php\/2006\/10\/15\/36-dunantuli-fueggetlenfilm-szemle\/","og_site_name":"MAFSZ","article_publisher":"https:\/\/www.facebook.com\/MAFSZ\/","article_published_time":"2006-10-15T20:04:53+00:00","article_modified_time":"2021-02-03T00:06:18+00:00","og_image":[{"width":512,"height":512,"url":"https:\/\/www.mafsz.hu\/wp-content\/uploads\/2017\/07\/cropped-kepes_logo_szines.jpg","type":"image\/jpeg"}],"author":"\u00c1d\u00e1m","twitter_card":"summary_large_image","twitter_misc":{"Szerz\u0151:":"\u00c1d\u00e1m","Becs\u00fclt olvas\u00e1si id\u0151":"2 perc"},"schema":{"@context":"https:\/\/schema.org","@graph":[{"@type":"Article","@id":"https:\/\/www.mafsz.hu\/index.php\/2006\/10\/15\/36-dunantuli-fueggetlenfilm-szemle\/#article","isPartOf":{"@id":"https:\/\/www.mafsz.hu\/index.php\/2006\/10\/15\/36-dunantuli-fueggetlenfilm-szemle\/"},"author":{"name":"\u00c1d\u00e1m","@id":"https:\/\/www.mafsz.hu\/#\/schema\/person\/549621f00f612642da9d7614098127b6"},"headline":"36. Dun\u00e1nt\u00fali F\u00fcggetlenfilm Szemle","datePublished":"2006-10-15T20:04:53+00:00","dateModified":"2021-02-03T00:06:18+00:00","mainEntityOfPage":{"@id":"https:\/\/www.mafsz.hu\/index.php\/2006\/10\/15\/36-dunantuli-fueggetlenfilm-szemle\/"},"wordCount":380,"commentCount":0,"publisher":{"@id":"https:\/\/www.mafsz.hu\/#organization"},"image":{"@id":"https:\/\/www.mafsz.hu\/index.php\/2006\/10\/15\/36-dunantuli-fueggetlenfilm-szemle\/#primaryimage"},"thumbnailUrl":"https:\/\/www.mafsz.hu\/wp-content\/uploads\/2017\/07\/cropped-kepes_logo_szines.jpg","articleSection":["Fesztv\u00e1l arch\u00edvum"],"inLanguage":"hu","potentialAction":[{"@type":"CommentAction","name":"Comment","target":["https:\/\/www.mafsz.hu\/index.php\/2006\/10\/15\/36-dunantuli-fueggetlenfilm-szemle\/#respond"]}]},{"@type":"WebPage","@id":"https:\/\/www.mafsz.hu\/index.php\/2006\/10\/15\/36-dunantuli-fueggetlenfilm-szemle\/","url":"https:\/\/www.mafsz.hu\/index.php\/2006\/10\/15\/36-dunantuli-fueggetlenfilm-szemle\/","name":"36. Dun\u00e1nt\u00fali F\u00fcggetlenfilm Szemle - MAFSZ","isPartOf":{"@id":"https:\/\/www.mafsz.hu\/#website"},"primaryImageOfPage":{"@id":"https:\/\/www.mafsz.hu\/index.php\/2006\/10\/15\/36-dunantuli-fueggetlenfilm-szemle\/#primaryimage"},"image":{"@id":"https:\/\/www.mafsz.hu\/index.php\/2006\/10\/15\/36-dunantuli-fueggetlenfilm-szemle\/#primaryimage"},"thumbnailUrl":"https:\/\/www.mafsz.hu\/wp-content\/uploads\/2017\/07\/cropped-kepes_logo_szines.jpg","datePublished":"2006-10-15T20:04:53+00:00","dateModified":"2021-02-03T00:06:18+00:00","description":"A zs\u0171ri \u00e9rt\u00e9kel\u00e9s\u00e9ben eredm\u00e9nyesnek, izgalmasnak \u00e9s magas sz\u00ednvonal\u00fanak \u00edt\u00e9lte a szeml\u00e9n levet\u00edtett alkot\u00e1sokat.","breadcrumb":{"@id":"https:\/\/www.mafsz.hu\/index.php\/2006\/10\/15\/36-dunantuli-fueggetlenfilm-szemle\/#breadcrumb"},"inLanguage":"hu","potentialAction":[{"@type":"ReadAction","target":["https:\/\/www.mafsz.hu\/index.php\/2006\/10\/15\/36-dunantuli-fueggetlenfilm-szemle\/"]}]},{"@type":"ImageObject","inLanguage":"hu","@id":"https:\/\/www.mafsz.hu\/index.php\/2006\/10\/15\/36-dunantuli-fueggetlenfilm-szemle\/#primaryimage","url":"https:\/\/www.mafsz.hu\/wp-content\/uploads\/2017\/07\/cropped-kepes_logo_szines.jpg","contentUrl":"https:\/\/www.mafsz.hu\/wp-content\/uploads\/2017\/07\/cropped-kepes_logo_szines.jpg","width":512,"height":512},{"@type":"BreadcrumbList","@id":"https:\/\/www.mafsz.hu\/index.php\/2006\/10\/15\/36-dunantuli-fueggetlenfilm-szemle\/#breadcrumb","itemListElement":[{"@type":"ListItem","position":1,"name":"Home","item":"https:\/\/www.mafsz.hu\/"},{"@type":"ListItem","position":2,"name":"36. Dun\u00e1nt\u00fali F\u00fcggetlenfilm Szemle"}]},{"@type":"WebSite","@id":"https:\/\/www.mafsz.hu\/#website","url":"https:\/\/www.mafsz.hu\/","name":"MAFSZ - Magyar F\u00fcggetlen Film \u00e9s Vide\u00f3 Sz\u00f6vets\u00e9g","description":"Magyar F\u00fcggetlen Film \u00e9s Video Sz\u00f6vets\u00e9g","publisher":{"@id":"https:\/\/www.mafsz.hu\/#organization"},"potentialAction":[{"@type":"SearchAction","target":{"@type":"EntryPoint","urlTemplate":"https:\/\/www.mafsz.hu\/?s={search_term_string}"},"query-input":{"@type":"PropertyValueSpecification","valueRequired":true,"valueName":"search_term_string"}}],"inLanguage":"hu"},{"@type":"Organization","@id":"https:\/\/www.mafsz.hu\/#organization","name":"Magyar F\u00fcggetlen Film \u00e9s Video Sz\u00f6vets\u00e9g","url":"https:\/\/www.mafsz.hu\/","logo":{"@type":"ImageObject","inLanguage":"hu","@id":"https:\/\/www.mafsz.hu\/#\/schema\/logo\/image\/","url":"https:\/\/www.mafsz.hu\/wp-content\/uploads\/2019\/01\/Mafszlogo_ff_72dpi_2018.jpg","contentUrl":"https:\/\/www.mafsz.hu\/wp-content\/uploads\/2019\/01\/Mafszlogo_ff_72dpi_2018.jpg","width":724,"height":705,"caption":"Magyar F\u00fcggetlen Film \u00e9s Video Sz\u00f6vets\u00e9g"},"image":{"@id":"https:\/\/www.mafsz.hu\/#\/schema\/logo\/image\/"},"sameAs":["https:\/\/www.facebook.com\/MAFSZ\/","https:\/\/www.instagram.com\/mafsz31","https:\/\/www.youtube.com\/channel\/UC0VaPk-iRomi0S1rTqAlFZg"]},{"@type":"Person","@id":"https:\/\/www.mafsz.hu\/#\/schema\/person\/549621f00f612642da9d7614098127b6","name":"\u00c1d\u00e1m","image":{"@type":"ImageObject","inLanguage":"hu","@id":"https:\/\/www.mafsz.hu\/#\/schema\/person\/image\/","url":"https:\/\/secure.gravatar.com\/avatar\/11851bdb003bd7ae9fda99bf3c88a91b2b9b3e4daf19e1eecae1145adbc699f6?s=96&d=identicon&r=g","contentUrl":"https:\/\/secure.gravatar.com\/avatar\/11851bdb003bd7ae9fda99bf3c88a91b2b9b3e4daf19e1eecae1145adbc699f6?s=96&d=identicon&r=g","caption":"\u00c1d\u00e1m"}}]}},"jetpack_featured_media_url":"https:\/\/www.mafsz.hu\/wp-content\/uploads\/2017\/07\/cropped-kepes_logo_szines.jpg","jetpack_sharing_enabled":true,"_links":{"self":[{"href":"https:\/\/www.mafsz.hu\/index.php\/wp-json\/wp\/v2\/posts\/35","targetHints":{"allow":["GET"]}}],"collection":[{"href":"https:\/\/www.mafsz.hu\/index.php\/wp-json\/wp\/v2\/posts"}],"about":[{"href":"https:\/\/www.mafsz.hu\/index.php\/wp-json\/wp\/v2\/types\/post"}],"author":[{"embeddable":true,"href":"https:\/\/www.mafsz.hu\/index.php\/wp-json\/wp\/v2\/users\/1"}],"replies":[{"embeddable":true,"href":"https:\/\/www.mafsz.hu\/index.php\/wp-json\/wp\/v2\/comments?post=35"}],"version-history":[{"count":4,"href":"https:\/\/www.mafsz.hu\/index.php\/wp-json\/wp\/v2\/posts\/35\/revisions"}],"predecessor-version":[{"id":1956,"href":"https:\/\/www.mafsz.hu\/index.php\/wp-json\/wp\/v2\/posts\/35\/revisions\/1956"}],"wp:featuredmedia":[{"embeddable":true,"href":"https:\/\/www.mafsz.hu\/index.php\/wp-json\/wp\/v2\/media\/122"}],"wp:attachment":[{"href":"https:\/\/www.mafsz.hu\/index.php\/wp-json\/wp\/v2\/media?parent=35"}],"wp:term":[{"taxonomy":"category","embeddable":true,"href":"https:\/\/www.mafsz.hu\/index.php\/wp-json\/wp\/v2\/categories?post=35"},{"taxonomy":"post_tag","embeddable":true,"href":"https:\/\/www.mafsz.hu\/index.php\/wp-json\/wp\/v2\/tags?post=35"}],"curies":[{"name":"wp","href":"https:\/\/api.w.org\/{rel}","templated":true}]}}