{"id":36,"date":"2006-06-25T21:05:12","date_gmt":"2006-06-25T20:05:12","guid":{"rendered":"http:\/\/www.mafsz.hu\/index.php\/2012\/06\/25\/iii-orszagos-fueggetlen-amator-helytoerteneti-dokumentumfilm-szemle\/"},"modified":"2021-02-03T00:32:47","modified_gmt":"2021-02-02T23:32:47","slug":"iii-orszagos-fueggetlen-amator-helytoerteneti-dokumentumfilm-szemle","status":"publish","type":"post","link":"https:\/\/www.mafsz.hu\/index.php\/2006\/06\/25\/iii-orszagos-fueggetlen-amator-helytoerteneti-dokumentumfilm-szemle\/","title":{"rendered":"III. Orsz\u00e1gos F\u00fcggetlen (Amat\u0151r) Helyt\u00f6rt\u00e9neti Dokumentumfilm Szemle"},"content":{"rendered":"<div id=\"cikk\">III. Orsz\u00e1gos F\u00fcggetlen Helyt\u00f6rt\u00e9neti Dokumentumfilm Szemle<\/div>\n<div>Ny\u00edregyh\u00e1za, MPKKI Park Sz\u00e1lloda<\/div>\n<div>2006. j\u00fanius 25.<\/div>\n<p><!--more--><\/p>\n<div>A szeml\u00e9n 36 filmalkot\u00e1s vet\u00edt\u00e9s\u00e9re ker\u00fclt sor, mely filmek az orsz\u00e1g sz\u00e1mos pontj\u00e1r\u00f3l, s a hat\u00e1ron t\u00falr\u00f3l \u00e9rkeztek. A zs\u0171ri \u00e9rt\u00e9kel\u00e9s\u00e9ben eredm\u00e9nyesnek \u00edt\u00e9lte a szeml\u00e9t \u00e9s k\u00e9rte a rendez\u0151kt\u0151l a folytat\u00e1st. A szemle d\u00edjainak oda\u00edt\u00e9l\u00e9s\u00e9r\u0151l a zs\u0171ri a k\u00f6vetkez\u0151k\u00e9ppen d\u00f6nt\u00f6tt:<\/div>\n<h1>A zs\u0171ri eln\u00f6ke:<\/h1>\n<div><strong>Sipos Andr\u00e1s<\/strong> filmrendez\u0151 (Duna Telev\u00edzi\u00f3)<\/div>\n<h1>A zs\u0171ri tagjai:<\/h1>\n<div><strong>Reichenberger J\u00e1nos<\/strong> szakmai tan\u00e1csad\u00f3 (Oktat\u00e1si \u00e9s Kultur\u00e1lis Miniszt\u00e9rium)<\/div>\n<div><strong>T\u00f3th S\u00e1ndor<\/strong> helyt\u00f6rt\u00e9n\u00e9sz<\/div>\n<h1>F\u0151d\u00edjak:<\/h1>\n<h2>Hontalanul<\/h2>\n<div>c\u00edm\u0171 film (<strong>Racsk\u00f3 R\u00f3bert<\/strong> filmje) A Duna Telev\u00edzi\u00f3 felaj\u00e1nlotta a film, vet\u00edt\u00e9sre t\u00f6rt\u00e9n\u0151 megv\u00e1s\u00e1rl\u00e1s\u00e1t valamint<\/div>\n<h2>Ny\u00edregyh\u00e1ziak a forradalomban II. \u2013 B\u00e1n Istv\u00e1n<\/h2>\n<div>(<strong>Szitha Mikl\u00f3s<\/strong> filmje) Az Oktat\u00e1si \u00e9s Kultur\u00e1lis Miniszt\u00e9rium 100.000.- forintos p\u00e9nzjutalm\u00e1t \u00e9rdemelte ki, az 56-os forradalom esem\u00e9nyeinek magas sz\u00ednvonal\u00fa dokument\u00e1l\u00e1s\u00e1\u00e9rt, valamint Posztumusz \u00c9letm\u0171-d\u00edj Szitha Mikl\u00f3s kimagasl\u00f3 amat\u0151r-filmes tev\u00e9kenys\u00e9g\u00e9\u00e9rt<\/div>\n<h1>D\u00edjak:<\/h1>\n<h2>A naplemente fon\u00e1kja \u2013 Tolnai Ott\u00f3 t\u00e1jai<\/h2>\n<div>c\u00edm\u0171 film (<strong>Iv\u00e1n Attila<\/strong> filmje, Magyarkanizsa) amelyet, mint a szemle Operat\u0151ri-rendez\u0151i d\u00edjasa, a MAFSZ 50.000.- forintos p\u00e9nzjutalma \u00e9rdemelte ki<\/div>\n<h2>Aki nekem haz\u00e1t adott \u2013 Belovai Istv\u00e1n t\u00f6rt\u00e9nete<\/h2>\n<div>c\u00edm\u0171 film (<strong>Major Gyula \u2013 Csonki B\u00e9la<\/strong> filmje), amely \u201eA helyt\u00f6rt\u00e9neti \u00e9rt\u00e9kek hiteles felmutat\u00e1s\u00e1\u00e9rt\u201d a K\u00f6lcsey Telev\u00edzi\u00f3 20.000.- forintos p\u00e9nzjutalm\u00e1t \u00e9rdemelte ki<\/div>\n<h2>Pocsopolisz<\/h2>\n<div>c\u00edm\u0171 film (<strong>Demeter Zsuzsanna \u00e9s Felm\u00e9ri Cec\u00edlia<\/strong> filmje, Kolozsv\u00e1r) amely, mint \u201eA legjobb k\u00eds\u00e9rleti film\u201d kateg\u00f3ria gy\u0151ztese a V\u00e1ros-K\u00e9p Kht. 35.000.- forint \u00e9rt\u00e9k\u0171 aj\u00e1nd\u00e9kcsomagj\u00e1t \u00e9rdemelte ki<\/div>\n<h2>Kinda L\u00e1z\u00e1r \u00e9s Cs\u00edki Traktor<\/h2>\n<div>c\u00edm\u0171 film (<strong>Rubin St\u00fadi\u00f3<\/strong> filmje, Cs\u00edkszereda): amely \u201eAktualit\u00e1ssal b\u00edr\u00f3 t\u00e9mafelvet\u00e9s\u00e9\u00e9rt \u00e9s probl\u00e9ma\u00e9rz\u00e9kenys\u00e9g\u00e9\u00e9rt\u201d a Megyei Pedag\u00f3giai, K\u00f6zm\u0171vel\u0151d\u00e9si \u00e9s K\u00e9pz\u00e9si Int\u00e9zet 20.000.- forint \u00e9rt\u00e9k\u0171aj\u00e1nd\u00e9kcsomagj\u00e1t \u00e9s a Szabolcs-Szatm\u00e1r-Bereg Megyei Lev\u00e9lt\u00e1r k\u00f6nyvcsomagj\u00e1t \u00e9rdemelte ki<\/div>\n<h2>R\u00f3dm\u00favi<\/h2>\n<div>c\u00edm\u0171 film (<strong>Arany Gold Zolt\u00e1n<\/strong> filmje), amely \u201eFiatalos szeml\u00e9let\u00e9\u00e9rt\u201d a Megyei Pedag\u00f3giai, K\u00f6zm\u0171vel\u0151d\u00e9si \u00e9s K\u00e9pz\u00e9si Int\u00e9zet 15.000.- forint \u00e9rt\u00e9k\u0171 aj\u00e1nd\u00e9kcsomagj\u00e1t \u00e9s a Szabolcs-Szatm\u00e1r-Bereg Megyei Lev\u00e9lt\u00e1r k\u00f6nyvcsomagj\u00e1t \u00e9rdemelte ki<\/div>\n<h2>A Szenke-vize ballad\u00e1ja<\/h2>\n<div>c\u00edm\u0171 film (a <strong>K\u00f6lcsey Telev\u00edzi\u00f3<\/strong> filmje) amely \u201eA n\u00e9prajzi \u00e9rt\u00e9kek magas sz\u00ednvonal\u00fa felmutat\u00e1s\u00e1\u00e9rt\u201d a V\u00e1ci Mih\u00e1ly V\u00e1rosi M\u0171vel\u0151d\u00e9si K\u00f6zpont \u00e9s Gyermekcentrum 6.000.- forint \u00e9rt\u00e9k\u0171 utalv\u00e1ny\u00e1t \u00e9s a Szabolcs-Szatm\u00e1r-Bereg Megyei Lev\u00e9lt\u00e1r k\u00f6nyvcsomagj\u00e1t \u00e9rdemelte ki.<\/div>\n<div><\/div>\n<div style=\"text-align: center;\"><a href=\"https:\/\/www.mafsz.hu\/wp-content\/uploads\/doc\/3_HELYTORI_jegyzo.pdf\" target=\"_blank\" rel=\"noopener\">Jegyz\u0151k\u00f6nyve let\u00f6lthet\u0151 innen&#8230;<\/a><\/div>\n","protected":false},"excerpt":{"rendered":"<p>III. Orsz\u00e1gos F\u00fcggetlen Helyt\u00f6rt\u00e9neti Dokumentumfilm Szemle Ny\u00edregyh\u00e1za, MPKKI Park Sz\u00e1lloda 2006. j\u00fanius 25.<\/p>\n","protected":false},"author":1,"featured_media":0,"comment_status":"open","ping_status":"open","sticky":false,"template":"","format":"standard","meta":{"_jetpack_memberships_contains_paid_content":false,"footnotes":""},"categories":[8],"tags":[],"class_list":["post-36","post","type-post","status-publish","format-standard","hentry","category-fesztval-archivum"],"yoast_head":"<!-- This site is optimized with the Yoast SEO plugin v27.0 - https:\/\/yoast.com\/product\/yoast-seo-wordpress\/ -->\n<title>III. Orsz\u00e1gos F\u00fcggetlen (Amat\u0151r) Helyt\u00f6rt\u00e9neti Dokumentumfilm Szemle - MAFSZ<\/title>\n<meta name=\"robots\" content=\"index, follow, max-snippet:-1, max-image-preview:large, max-video-preview:-1\" \/>\n<link rel=\"canonical\" href=\"https:\/\/www.mafsz.hu\/index.php\/2006\/06\/25\/iii-orszagos-fueggetlen-amator-helytoerteneti-dokumentumfilm-szemle\/\" \/>\n<meta property=\"og:locale\" content=\"hu_HU\" \/>\n<meta property=\"og:type\" content=\"article\" \/>\n<meta property=\"og:title\" content=\"III. Orsz\u00e1gos F\u00fcggetlen (Amat\u0151r) Helyt\u00f6rt\u00e9neti Dokumentumfilm Szemle - MAFSZ\" \/>\n<meta property=\"og:description\" content=\"III. Orsz\u00e1gos F\u00fcggetlen Helyt\u00f6rt\u00e9neti Dokumentumfilm Szemle Ny\u00edregyh\u00e1za, MPKKI Park Sz\u00e1lloda 2006. j\u00fanius 25.\" \/>\n<meta property=\"og:url\" content=\"https:\/\/www.mafsz.hu\/index.php\/2006\/06\/25\/iii-orszagos-fueggetlen-amator-helytoerteneti-dokumentumfilm-szemle\/\" \/>\n<meta property=\"og:site_name\" content=\"MAFSZ\" \/>\n<meta property=\"article:publisher\" content=\"https:\/\/www.facebook.com\/MAFSZ\/\" \/>\n<meta property=\"article:published_time\" content=\"2006-06-25T20:05:12+00:00\" \/>\n<meta property=\"article:modified_time\" content=\"2021-02-02T23:32:47+00:00\" \/>\n<meta name=\"author\" content=\"\u00c1d\u00e1m\" \/>\n<meta name=\"twitter:card\" content=\"summary_large_image\" \/>\n<meta name=\"twitter:label1\" content=\"Szerz\u0151:\" \/>\n\t<meta name=\"twitter:data1\" content=\"\u00c1d\u00e1m\" \/>\n\t<meta name=\"twitter:label2\" content=\"Becs\u00fclt olvas\u00e1si id\u0151\" \/>\n\t<meta name=\"twitter:data2\" content=\"2 perc\" \/>\n<script type=\"application\/ld+json\" class=\"yoast-schema-graph\">{\"@context\":\"https:\/\/schema.org\",\"@graph\":[{\"@type\":\"Article\",\"@id\":\"https:\/\/www.mafsz.hu\/index.php\/2006\/06\/25\/iii-orszagos-fueggetlen-amator-helytoerteneti-dokumentumfilm-szemle\/#article\",\"isPartOf\":{\"@id\":\"https:\/\/www.mafsz.hu\/index.php\/2006\/06\/25\/iii-orszagos-fueggetlen-amator-helytoerteneti-dokumentumfilm-szemle\/\"},\"author\":{\"name\":\"\u00c1d\u00e1m\",\"@id\":\"https:\/\/www.mafsz.hu\/#\/schema\/person\/549621f00f612642da9d7614098127b6\"},\"headline\":\"III. Orsz\u00e1gos F\u00fcggetlen (Amat\u0151r) Helyt\u00f6rt\u00e9neti Dokumentumfilm Szemle\",\"datePublished\":\"2006-06-25T20:05:12+00:00\",\"dateModified\":\"2021-02-02T23:32:47+00:00\",\"mainEntityOfPage\":{\"@id\":\"https:\/\/www.mafsz.hu\/index.php\/2006\/06\/25\/iii-orszagos-fueggetlen-amator-helytoerteneti-dokumentumfilm-szemle\/\"},\"wordCount\":536,\"commentCount\":0,\"publisher\":{\"@id\":\"https:\/\/www.mafsz.hu\/#organization\"},\"articleSection\":[\"Fesztv\u00e1l arch\u00edvum\"],\"inLanguage\":\"hu\",\"potentialAction\":[{\"@type\":\"CommentAction\",\"name\":\"Comment\",\"target\":[\"https:\/\/www.mafsz.hu\/index.php\/2006\/06\/25\/iii-orszagos-fueggetlen-amator-helytoerteneti-dokumentumfilm-szemle\/#respond\"]}]},{\"@type\":\"WebPage\",\"@id\":\"https:\/\/www.mafsz.hu\/index.php\/2006\/06\/25\/iii-orszagos-fueggetlen-amator-helytoerteneti-dokumentumfilm-szemle\/\",\"url\":\"https:\/\/www.mafsz.hu\/index.php\/2006\/06\/25\/iii-orszagos-fueggetlen-amator-helytoerteneti-dokumentumfilm-szemle\/\",\"name\":\"III. Orsz\u00e1gos F\u00fcggetlen (Amat\u0151r) Helyt\u00f6rt\u00e9neti Dokumentumfilm Szemle - MAFSZ\",\"isPartOf\":{\"@id\":\"https:\/\/www.mafsz.hu\/#website\"},\"datePublished\":\"2006-06-25T20:05:12+00:00\",\"dateModified\":\"2021-02-02T23:32:47+00:00\",\"breadcrumb\":{\"@id\":\"https:\/\/www.mafsz.hu\/index.php\/2006\/06\/25\/iii-orszagos-fueggetlen-amator-helytoerteneti-dokumentumfilm-szemle\/#breadcrumb\"},\"inLanguage\":\"hu\",\"potentialAction\":[{\"@type\":\"ReadAction\",\"target\":[\"https:\/\/www.mafsz.hu\/index.php\/2006\/06\/25\/iii-orszagos-fueggetlen-amator-helytoerteneti-dokumentumfilm-szemle\/\"]}]},{\"@type\":\"BreadcrumbList\",\"@id\":\"https:\/\/www.mafsz.hu\/index.php\/2006\/06\/25\/iii-orszagos-fueggetlen-amator-helytoerteneti-dokumentumfilm-szemle\/#breadcrumb\",\"itemListElement\":[{\"@type\":\"ListItem\",\"position\":1,\"name\":\"Home\",\"item\":\"https:\/\/www.mafsz.hu\/\"},{\"@type\":\"ListItem\",\"position\":2,\"name\":\"III. Orsz\u00e1gos F\u00fcggetlen (Amat\u0151r) Helyt\u00f6rt\u00e9neti Dokumentumfilm Szemle\"}]},{\"@type\":\"WebSite\",\"@id\":\"https:\/\/www.mafsz.hu\/#website\",\"url\":\"https:\/\/www.mafsz.hu\/\",\"name\":\"MAFSZ - Magyar F\u00fcggetlen Film \u00e9s Vide\u00f3 Sz\u00f6vets\u00e9g\",\"description\":\"Magyar F\u00fcggetlen Film \u00e9s Video Sz\u00f6vets\u00e9g\",\"publisher\":{\"@id\":\"https:\/\/www.mafsz.hu\/#organization\"},\"potentialAction\":[{\"@type\":\"SearchAction\",\"target\":{\"@type\":\"EntryPoint\",\"urlTemplate\":\"https:\/\/www.mafsz.hu\/?s={search_term_string}\"},\"query-input\":{\"@type\":\"PropertyValueSpecification\",\"valueRequired\":true,\"valueName\":\"search_term_string\"}}],\"inLanguage\":\"hu\"},{\"@type\":\"Organization\",\"@id\":\"https:\/\/www.mafsz.hu\/#organization\",\"name\":\"Magyar F\u00fcggetlen Film \u00e9s Video Sz\u00f6vets\u00e9g\",\"url\":\"https:\/\/www.mafsz.hu\/\",\"logo\":{\"@type\":\"ImageObject\",\"inLanguage\":\"hu\",\"@id\":\"https:\/\/www.mafsz.hu\/#\/schema\/logo\/image\/\",\"url\":\"https:\/\/www.mafsz.hu\/wp-content\/uploads\/2019\/01\/Mafszlogo_ff_72dpi_2018.jpg\",\"contentUrl\":\"https:\/\/www.mafsz.hu\/wp-content\/uploads\/2019\/01\/Mafszlogo_ff_72dpi_2018.jpg\",\"width\":724,\"height\":705,\"caption\":\"Magyar F\u00fcggetlen Film \u00e9s Video Sz\u00f6vets\u00e9g\"},\"image\":{\"@id\":\"https:\/\/www.mafsz.hu\/#\/schema\/logo\/image\/\"},\"sameAs\":[\"https:\/\/www.facebook.com\/MAFSZ\/\",\"https:\/\/www.instagram.com\/mafsz31\",\"https:\/\/www.youtube.com\/channel\/UC0VaPk-iRomi0S1rTqAlFZg\"]},{\"@type\":\"Person\",\"@id\":\"https:\/\/www.mafsz.hu\/#\/schema\/person\/549621f00f612642da9d7614098127b6\",\"name\":\"\u00c1d\u00e1m\",\"image\":{\"@type\":\"ImageObject\",\"inLanguage\":\"hu\",\"@id\":\"https:\/\/www.mafsz.hu\/#\/schema\/person\/image\/\",\"url\":\"https:\/\/secure.gravatar.com\/avatar\/11851bdb003bd7ae9fda99bf3c88a91b2b9b3e4daf19e1eecae1145adbc699f6?s=96&d=identicon&r=g\",\"contentUrl\":\"https:\/\/secure.gravatar.com\/avatar\/11851bdb003bd7ae9fda99bf3c88a91b2b9b3e4daf19e1eecae1145adbc699f6?s=96&d=identicon&r=g\",\"caption\":\"\u00c1d\u00e1m\"}}]}<\/script>\n<!-- \/ Yoast SEO plugin. -->","yoast_head_json":{"title":"III. Orsz\u00e1gos F\u00fcggetlen (Amat\u0151r) Helyt\u00f6rt\u00e9neti Dokumentumfilm Szemle - MAFSZ","robots":{"index":"index","follow":"follow","max-snippet":"max-snippet:-1","max-image-preview":"max-image-preview:large","max-video-preview":"max-video-preview:-1"},"canonical":"https:\/\/www.mafsz.hu\/index.php\/2006\/06\/25\/iii-orszagos-fueggetlen-amator-helytoerteneti-dokumentumfilm-szemle\/","og_locale":"hu_HU","og_type":"article","og_title":"III. Orsz\u00e1gos F\u00fcggetlen (Amat\u0151r) Helyt\u00f6rt\u00e9neti Dokumentumfilm Szemle - MAFSZ","og_description":"III. Orsz\u00e1gos F\u00fcggetlen Helyt\u00f6rt\u00e9neti Dokumentumfilm Szemle Ny\u00edregyh\u00e1za, MPKKI Park Sz\u00e1lloda 2006. j\u00fanius 25.","og_url":"https:\/\/www.mafsz.hu\/index.php\/2006\/06\/25\/iii-orszagos-fueggetlen-amator-helytoerteneti-dokumentumfilm-szemle\/","og_site_name":"MAFSZ","article_publisher":"https:\/\/www.facebook.com\/MAFSZ\/","article_published_time":"2006-06-25T20:05:12+00:00","article_modified_time":"2021-02-02T23:32:47+00:00","author":"\u00c1d\u00e1m","twitter_card":"summary_large_image","twitter_misc":{"Szerz\u0151:":"\u00c1d\u00e1m","Becs\u00fclt olvas\u00e1si id\u0151":"2 perc"},"schema":{"@context":"https:\/\/schema.org","@graph":[{"@type":"Article","@id":"https:\/\/www.mafsz.hu\/index.php\/2006\/06\/25\/iii-orszagos-fueggetlen-amator-helytoerteneti-dokumentumfilm-szemle\/#article","isPartOf":{"@id":"https:\/\/www.mafsz.hu\/index.php\/2006\/06\/25\/iii-orszagos-fueggetlen-amator-helytoerteneti-dokumentumfilm-szemle\/"},"author":{"name":"\u00c1d\u00e1m","@id":"https:\/\/www.mafsz.hu\/#\/schema\/person\/549621f00f612642da9d7614098127b6"},"headline":"III. Orsz\u00e1gos F\u00fcggetlen (Amat\u0151r) Helyt\u00f6rt\u00e9neti Dokumentumfilm Szemle","datePublished":"2006-06-25T20:05:12+00:00","dateModified":"2021-02-02T23:32:47+00:00","mainEntityOfPage":{"@id":"https:\/\/www.mafsz.hu\/index.php\/2006\/06\/25\/iii-orszagos-fueggetlen-amator-helytoerteneti-dokumentumfilm-szemle\/"},"wordCount":536,"commentCount":0,"publisher":{"@id":"https:\/\/www.mafsz.hu\/#organization"},"articleSection":["Fesztv\u00e1l arch\u00edvum"],"inLanguage":"hu","potentialAction":[{"@type":"CommentAction","name":"Comment","target":["https:\/\/www.mafsz.hu\/index.php\/2006\/06\/25\/iii-orszagos-fueggetlen-amator-helytoerteneti-dokumentumfilm-szemle\/#respond"]}]},{"@type":"WebPage","@id":"https:\/\/www.mafsz.hu\/index.php\/2006\/06\/25\/iii-orszagos-fueggetlen-amator-helytoerteneti-dokumentumfilm-szemle\/","url":"https:\/\/www.mafsz.hu\/index.php\/2006\/06\/25\/iii-orszagos-fueggetlen-amator-helytoerteneti-dokumentumfilm-szemle\/","name":"III. Orsz\u00e1gos F\u00fcggetlen (Amat\u0151r) Helyt\u00f6rt\u00e9neti Dokumentumfilm Szemle - MAFSZ","isPartOf":{"@id":"https:\/\/www.mafsz.hu\/#website"},"datePublished":"2006-06-25T20:05:12+00:00","dateModified":"2021-02-02T23:32:47+00:00","breadcrumb":{"@id":"https:\/\/www.mafsz.hu\/index.php\/2006\/06\/25\/iii-orszagos-fueggetlen-amator-helytoerteneti-dokumentumfilm-szemle\/#breadcrumb"},"inLanguage":"hu","potentialAction":[{"@type":"ReadAction","target":["https:\/\/www.mafsz.hu\/index.php\/2006\/06\/25\/iii-orszagos-fueggetlen-amator-helytoerteneti-dokumentumfilm-szemle\/"]}]},{"@type":"BreadcrumbList","@id":"https:\/\/www.mafsz.hu\/index.php\/2006\/06\/25\/iii-orszagos-fueggetlen-amator-helytoerteneti-dokumentumfilm-szemle\/#breadcrumb","itemListElement":[{"@type":"ListItem","position":1,"name":"Home","item":"https:\/\/www.mafsz.hu\/"},{"@type":"ListItem","position":2,"name":"III. Orsz\u00e1gos F\u00fcggetlen (Amat\u0151r) Helyt\u00f6rt\u00e9neti Dokumentumfilm Szemle"}]},{"@type":"WebSite","@id":"https:\/\/www.mafsz.hu\/#website","url":"https:\/\/www.mafsz.hu\/","name":"MAFSZ - Magyar F\u00fcggetlen Film \u00e9s Vide\u00f3 Sz\u00f6vets\u00e9g","description":"Magyar F\u00fcggetlen Film \u00e9s Video Sz\u00f6vets\u00e9g","publisher":{"@id":"https:\/\/www.mafsz.hu\/#organization"},"potentialAction":[{"@type":"SearchAction","target":{"@type":"EntryPoint","urlTemplate":"https:\/\/www.mafsz.hu\/?s={search_term_string}"},"query-input":{"@type":"PropertyValueSpecification","valueRequired":true,"valueName":"search_term_string"}}],"inLanguage":"hu"},{"@type":"Organization","@id":"https:\/\/www.mafsz.hu\/#organization","name":"Magyar F\u00fcggetlen Film \u00e9s Video Sz\u00f6vets\u00e9g","url":"https:\/\/www.mafsz.hu\/","logo":{"@type":"ImageObject","inLanguage":"hu","@id":"https:\/\/www.mafsz.hu\/#\/schema\/logo\/image\/","url":"https:\/\/www.mafsz.hu\/wp-content\/uploads\/2019\/01\/Mafszlogo_ff_72dpi_2018.jpg","contentUrl":"https:\/\/www.mafsz.hu\/wp-content\/uploads\/2019\/01\/Mafszlogo_ff_72dpi_2018.jpg","width":724,"height":705,"caption":"Magyar F\u00fcggetlen Film \u00e9s Video Sz\u00f6vets\u00e9g"},"image":{"@id":"https:\/\/www.mafsz.hu\/#\/schema\/logo\/image\/"},"sameAs":["https:\/\/www.facebook.com\/MAFSZ\/","https:\/\/www.instagram.com\/mafsz31","https:\/\/www.youtube.com\/channel\/UC0VaPk-iRomi0S1rTqAlFZg"]},{"@type":"Person","@id":"https:\/\/www.mafsz.hu\/#\/schema\/person\/549621f00f612642da9d7614098127b6","name":"\u00c1d\u00e1m","image":{"@type":"ImageObject","inLanguage":"hu","@id":"https:\/\/www.mafsz.hu\/#\/schema\/person\/image\/","url":"https:\/\/secure.gravatar.com\/avatar\/11851bdb003bd7ae9fda99bf3c88a91b2b9b3e4daf19e1eecae1145adbc699f6?s=96&d=identicon&r=g","contentUrl":"https:\/\/secure.gravatar.com\/avatar\/11851bdb003bd7ae9fda99bf3c88a91b2b9b3e4daf19e1eecae1145adbc699f6?s=96&d=identicon&r=g","caption":"\u00c1d\u00e1m"}}]}},"jetpack_featured_media_url":"","jetpack_sharing_enabled":true,"_links":{"self":[{"href":"https:\/\/www.mafsz.hu\/index.php\/wp-json\/wp\/v2\/posts\/36","targetHints":{"allow":["GET"]}}],"collection":[{"href":"https:\/\/www.mafsz.hu\/index.php\/wp-json\/wp\/v2\/posts"}],"about":[{"href":"https:\/\/www.mafsz.hu\/index.php\/wp-json\/wp\/v2\/types\/post"}],"author":[{"embeddable":true,"href":"https:\/\/www.mafsz.hu\/index.php\/wp-json\/wp\/v2\/users\/1"}],"replies":[{"embeddable":true,"href":"https:\/\/www.mafsz.hu\/index.php\/wp-json\/wp\/v2\/comments?post=36"}],"version-history":[{"count":6,"href":"https:\/\/www.mafsz.hu\/index.php\/wp-json\/wp\/v2\/posts\/36\/revisions"}],"predecessor-version":[{"id":1954,"href":"https:\/\/www.mafsz.hu\/index.php\/wp-json\/wp\/v2\/posts\/36\/revisions\/1954"}],"wp:attachment":[{"href":"https:\/\/www.mafsz.hu\/index.php\/wp-json\/wp\/v2\/media?parent=36"}],"wp:term":[{"taxonomy":"category","embeddable":true,"href":"https:\/\/www.mafsz.hu\/index.php\/wp-json\/wp\/v2\/categories?post=36"},{"taxonomy":"post_tag","embeddable":true,"href":"https:\/\/www.mafsz.hu\/index.php\/wp-json\/wp\/v2\/tags?post=36"}],"curies":[{"name":"wp","href":"https:\/\/api.w.org\/{rel}","templated":true}]}}