{"id":42,"date":"2012-06-25T22:34:54","date_gmt":"2012-06-25T22:34:54","guid":{"rendered":"http:\/\/www.mafsz.hu\/index.php\/2012\/06\/25\/sam-hammer-minden-23\/"},"modified":"2019-01-24T17:09:09","modified_gmt":"2019-01-24T17:09:09","slug":"sam-hammer-minden-23","status":"publish","type":"post","link":"https:\/\/www.mafsz.hu\/index.php\/2012\/06\/25\/sam-hammer-minden-23\/","title":{"rendered":"Sam Hammer &#8211; Minden 23"},"content":{"rendered":"<p style=\"text-align: justify;\">A legt\u00f6bb dolog, ami ma k\u00e9sz\u00fcl az a K\u00c9P. Boldog \u00e9s m\u00e9g boldogabb meg\u00f6r\u00f6k\u00edti azt, ami van. T\u00e1j, t\u00f3, pina, kar\u00e1csony, any\u00e1m ty\u00fakja. A j\u00f6v\u0151 sz\u00e1m\u00e1ra kimerev\u00edt egy helyzetet, \u00e9s ez \u00edgy van j\u00f3l.<\/p>\n<p><!--more--><\/p>\n<p style=\"text-align: justify;\">Azt\u00e1n van egy m\u00e1sik \u00fat. Olyan k\u00e9pet k\u00e9sz\u00edteni, ami nem mag\u00e1t\u00f3l \u00e9rtet\u0151d\u0151, illetve a t\u00fal j\u00f3 m\u0171k\u00f6d\u0151 szem\u00fcnk \u00edgy nem l\u00e1thatja. A fekete-feh\u00e9r eleve redukci\u00f3, ehhez j\u00f6nnek m\u00e9g a k\u00fcl\u00f6n\u00f6s l\u00e1t\u00f3sz\u00f6gek, feszes kompoz\u00edci\u00f3k, a m\u00e9lys\u00e9gek \u00e9letlens\u00e9gei, amik egy saj\u00e1tos l\u00e1tv\u00e1nyvil\u00e1got gener\u00e1lnak. Persze az sem mindegy, hogy mit vesz\u00fcnk \u00e9szre a k\u00f6r\u00fcl\u00f6tt\u00fcnk ny\u00fczsg\u0151 tot\u00e1l abszurd vil\u00e1gb\u00f3l.<\/p>\n<p style=\"text-align: justify;\">Sam Hammer egy fiatal, szubjekt\u00edv realista alkot\u00f3. Kreat\u00edvan haszn\u00e1lja a digit\u00e1lis f\u00e9nyk\u00e9pez\u0151g\u00e9pek t\u00f6k\u00e9letlens\u00e9gb\u0151l ad\u00f3d\u00f3 lehet\u0151s\u00e9geket. L\u00e1tja a f\u00e9nyt, meg tudja k\u00fcl\u00f6nb\u00f6ztetni a t\u00f3nusokat, \u00e9s m\u00e9g humora is van. A f\u00e9nyk\u00e9pez\u00e9st l\u00e1that\u00f3lag \u00f6nmag\u00e1\u00e9rt m\u0171veli, ami a mai c\u00e9l-racion\u00e1lis korunkban eleve \u00e9rt\u00e9k. Am\u00fagy meg egyszer\u0171en j\u00f3 n\u00e9zni a k\u00e9peit,\u00a0ami minden agyal\u00e1son t\u00fal a legfontosabb.<\/p>\n<p style=\"text-align: justify;\">Csak azt tudn\u00e1m, hogy mi\u00e9rt Minden 23 a ki\u00e1ll\u00edt\u00e1s c\u00edme?<\/p>\n<p style=\"text-align: justify;\">Csirke K. J\u00e1nos<\/p>\n                    <style>\n                                            .flickr-img-responsive {\n                            width:100% !important;\n                            height:auto !important;\n                            display:block !important;\n                        }\n                        .LoadingImg img {\n                            max-width: 45px;\n                            max-height: 45px;\n                            box-shadow: none;\n                        }\n                        .wpfrank-flickr-div{\n                            padding:15px;\n                        }\n                        @media (max-width: 786px){\n                            .col-md-3 {\n                                width:49.9%;\n                                float:left;\n                            }\n                        }\n                        .play-pause {\n                            display: none !important;\n                        }\n                        .gallery782 {\n                            overflow:hidden;\n                            clear: both;\n                        }\n                        .fnf{\n                            background-color: #a92929;\n                            border-radius: 5px;\n                            color: #fff;\n                            font-family: initial;\n                            text-align: center;\n                            padding:12px;\n                        }\n                    <\/style>\n                    <script type=\"text\/javascript\">\n                    jQuery(function() {\n                        jQuery('.gallery-782').flickr({\n                            apiKey: 'be23efe5176adf8b68c44d05b2f2ce18',\n                            photosetId: '72157706142266384'\n                        });\n                    });\n\n                    ;(function ($, window, document, undefined) {\n                        'use strict';\n                        var pluginName = \"flickr\",\n                            defaults = {\n                                apiKey: \"\",\n                                photosetId: \"\",\n                                errorText: \"<div class='fnf'><i class='far fa-times-circle'><\/i> Error generating gallery.<\/div>\",\n                                loadingSpeed: 38,\n                                photosLimit: 200\n                            },\n                            apiUrl = 'https:\/\/api.flickr.com\/services\/rest\/',\n                            photos = [];\n\n                        function Plugin(element, options) {\n                            this.element = $(element);\n                            this.settings = $.extend({}, defaults, options);\n                            this._defaults = defaults;\n                            this._name = pluginName;\n\n                            this._hideSpinner = function() {\n                                this.element.find('.spinner-wrapper').hide().find('*').hide();\n                            };\n\n                            this._printError = function() {\n                                this.element.find('.gallery-container').append($(\"<div><\/div>\", { \"class\": \"col-lg-12\" })\n                                    .append($(\"<div><\/div>\", { \"class\": \"error-wrapper\" })\n                                        .append($(\"<span><\/span>\", { \"class\": \"label label-danger error\" })\n                                            .html(this.settings.errorText))));\n                            };\n\n                            this._flickrAnimate = function() {\n                                this.element.find('.gallery-container img').each($.proxy(function(index, el) {\n                                    var image = el;\n                                    setTimeout(function() {\n                                        $(image).parent().fadeIn();\n                                    }, this.settings.loadingSpeed * index);\n                                }, this));\n                            };\n\n                            this._printGallery = function(photos) {\n                                var element = this.element.find('.gallery-container');\n                                if (!photos || photos.length === 0) {\n                                    this._hideSpinner();\n                                    this._printError();\n                                    return;\n                                }\n                                $.each(photos, function(key, photo) {\n                                    if (!photo || !photo.thumbnail) return; \/\/ Skip undefined or invalid photos\n                                    var img = $('<img>', { 'class': 'thumb img-thumbnail flickr-img-responsive', src: photo.thumbnail, 'alt': photo.title });\n                                    element.append($('<div><\/div>', { 'class': ' col-md-3 col-sm-4 col-center wpfrank-flickr-div' })\n                                        .append($('<a><\/a>', { 'class': '', href: photo.href, 'data-gallery': '', 'title': photo.title }).hide()\n                                            .append(img)));\n                                });\n\n                                element.imagesLoaded()\n                                    .done($.proxy(this._flickrAnimate, this))\n                                    .always($.proxy(this._hideSpinner, this));\n                            };\n\n                            this._flickrPhotoset = function(photoset) {\n                                var _this = this;\n                                photos[photoset.id] = [];\n                                $.each(photoset.photo, function(key, photo) {\n                                    if (photo.media !== \"photo\") {\n                                        return true; \/\/ Skip videos\n                                    }\n                                    if (key >= _this.settings.photosLimit) {\n                                        return false;\n                                    }\n                                    photos[photoset.id][key] = {\n                                        thumbnail: 'https:\/\/farm' + photo.farm + '.static.flickr.com\/' + photo.server + '\/' + photo.id + '_' + photo.secret + '_q.jpg',\n                                        href: 'https:\/\/farm' + photo.farm + '.static.flickr.com\/' + photo.server + '\/' + photo.id + '_' + photo.secret + '_b.jpg',\n                                        title: photo.title\n                                    };\n                                });\n\n                                console.log('Filtered photos:', photos[photoset.id]); \/\/ Debug log\n                                if (photos[photoset.id].length > 0) {\n                                    this._printGallery(photos[photoset.id]);\n                                } else {\n                                    this._hideSpinner();\n                                    this._printError();\n                                }\n                            };\n\n                            this._onFlickrResponse = function(response) {\n                                console.log('API Response:', response); \/\/ Debug log\n                                if (response.stat === \"ok\") {\n                                    this._flickrPhotoset(response.photoset);\n                                } else {\n                                    this._hideSpinner();\n                                    this._printError();\n                                }\n                            };\n\n                            this._flickrRequest = function(method, data) {\n                                var url = apiUrl + \"?format=json&jsoncallback=?&method=\" + method + \"&api_key=\" + this.settings.apiKey;\n                                $.each(data, function(key, value) {\n                                    url += \"&\" + key + \"=\" + value;\n                                });\n\n                                $.ajax({\n                                    dataType: \"json\",\n                                    url: url,\n                                    context: this,\n                                    success: this._onFlickrResponse\n                                });\n                            };\n\n                            this._flickrInit = function () {\n                                this._flickrRequest('flickr.photosets.getPhotos', {\n                                    photoset_id: this.settings.photosetId,\n                                    extras: 'media'\n                                });\n                            };\n\n                            this.init();\n                        }\n\n                        Plugin.prototype = {\n                            init: function () {\n                                this._flickrInit();\n                            }\n                        };\n\n                        $.fn[pluginName] = function (options) {\n                            this.each(function () {\n                                if (!$.data(this, \"plugin_\" + pluginName)) {\n                                    $.data(this, \"plugin_\" + pluginName, new Plugin(this, options));\n                                }\n                            });\n                            return this;\n                        };\n                    })(jQuery, window, document);\n                    <\/script>\n                    <div class=\"gallery-782\">\n                                                    <h3>Sam Hammer &#8211; Minden 23<\/h3>\n                                                <div class=\"row\">\n                            <div class=\"col-xs-12 spinner-wrapper\">\n                                <div class=\"LoadingImg\"><img decoding=\"async\" src=\"https:\/\/www.mafsz.hu\/wp-content\/plugins\/flickr-album-gallery\/img\/loading.gif\" \/><\/div>\n                            <\/div>\n                            <div align=\"center\" class=\"gallery-container\"><\/div>\n                        <\/div>\n                    <\/div>\n                    \n            <!-- Blueimp gallery -->\n            <div id=\"blueimp-gallery-782\" class=\"blueimp-gallery blueimp-gallery-controls\">\n                <div class=\"slides\"><\/div>\n                <h3 class=\"title\"><\/h3>\n                <a class=\"prev\">\u2039<\/a>\n                <a class=\"next\">\u203a<\/a>\n                <a class=\"close\">\u00d7<\/a>\n                <a class=\"play-pause\"><\/a>\n                <ol class=\"indicator\"><\/ol>\n                <div class=\"modal fade\">\n                    <div class=\"modal-dialog\">\n                        <div class=\"modal-content\">\n                            <div class=\"modal-header\">\n                                <button type=\"button\" class=\"close\" aria-hidden=\"true\">\u00d7<\/button>\n                                <h4 class=\"modal-title\"><\/h4>\n                            <\/div>\n                            <div class=\"modal-body next\"><\/div>\n                            <div class=\"modal-footer\">\n                                <button type=\"button\" class=\"btn btn-default pull-left prev\">\n                                    <i class=\"glyphicon glyphicon-chevron-left\"><\/i>\n                                    Previous                                <\/button>\n                                <button type=\"button\" class=\"btn btn-primary next\">\n                                    Next                                    <i class=\"glyphicon glyphicon-chevron-right\"><\/i>\n                                <\/button>\n                            <\/div>\n                        <\/div>\n                    <\/div>\n                <\/div>\n            <\/div>\n\n            <script type=\"text\/javascript\">\n            jQuery(function() {\n                jQuery.extend(blueimp.Gallery.prototype.options, {\n                    useBootstrapModal: false,\n                    hidePageScrollbars: false,\n                    container: \"#blueimp-gallery-782\",\n                });\n            });\n            <\/script>\n\n            \n","protected":false},"excerpt":{"rendered":"<p>A legt\u00f6bb dolog, ami ma k\u00e9sz\u00fcl az a K\u00c9P. Boldog \u00e9s m\u00e9g boldogabb meg\u00f6r\u00f6k\u00edti azt, ami van.<\/p>\n","protected":false},"author":1,"featured_media":713,"comment_status":"open","ping_status":"open","sticky":false,"template":"page-templates\/full-width.php","format":"standard","meta":{"_jetpack_memberships_contains_paid_content":false,"footnotes":""},"categories":[9],"tags":[57,58,59],"class_list":["post-42","post","type-post","status-publish","format-standard","has-post-thumbnail","hentry","category-mafsz-galeria","tag-foto","tag-galeria","tag-sam-hammer"],"yoast_head":"<!-- This site is optimized with the Yoast SEO plugin v27.0 - https:\/\/yoast.com\/product\/yoast-seo-wordpress\/ -->\n<title>Sam Hammer - Minden 23 - MAFSZ<\/title>\n<meta name=\"description\" content=\"A legt\u00f6bb dolog, ami ma k\u00e9sz\u00fcl az a K\u00c9P. Boldog \u00e9s m\u00e9g boldogabb meg\u00f6r\u00f6k\u00edti azt, ami van.\" \/>\n<meta name=\"robots\" content=\"index, follow, max-snippet:-1, max-image-preview:large, max-video-preview:-1\" \/>\n<link rel=\"canonical\" href=\"https:\/\/www.mafsz.hu\/index.php\/2012\/06\/25\/sam-hammer-minden-23\/\" \/>\n<meta property=\"og:locale\" content=\"hu_HU\" \/>\n<meta property=\"og:type\" content=\"article\" \/>\n<meta property=\"og:title\" content=\"Sam Hammer - Minden 23 - MAFSZ\" \/>\n<meta property=\"og:description\" content=\"A legt\u00f6bb dolog, ami ma k\u00e9sz\u00fcl az a K\u00c9P. Boldog \u00e9s m\u00e9g boldogabb meg\u00f6r\u00f6k\u00edti azt, ami van.\" \/>\n<meta property=\"og:url\" content=\"https:\/\/www.mafsz.hu\/index.php\/2012\/06\/25\/sam-hammer-minden-23\/\" \/>\n<meta property=\"og:site_name\" content=\"MAFSZ\" \/>\n<meta property=\"article:publisher\" content=\"https:\/\/www.facebook.com\/MAFSZ\/\" \/>\n<meta property=\"article:published_time\" content=\"2012-06-25T22:34:54+00:00\" \/>\n<meta property=\"article:modified_time\" content=\"2019-01-24T17:09:09+00:00\" \/>\n<meta property=\"og:image\" content=\"https:\/\/www.mafsz.hu\/wp-content\/uploads\/2019\/01\/samhammer01.jpg\" \/>\n\t<meta property=\"og:image:width\" content=\"500\" \/>\n\t<meta property=\"og:image:height\" content=\"380\" \/>\n\t<meta property=\"og:image:type\" content=\"image\/jpeg\" \/>\n<meta name=\"author\" content=\"\u00c1d\u00e1m\" \/>\n<meta name=\"twitter:card\" content=\"summary_large_image\" \/>\n<meta name=\"twitter:label1\" content=\"Szerz\u0151:\" \/>\n\t<meta name=\"twitter:data1\" content=\"\u00c1d\u00e1m\" \/>\n\t<meta name=\"twitter:label2\" content=\"Becs\u00fclt olvas\u00e1si id\u0151\" \/>\n\t<meta name=\"twitter:data2\" content=\"1 perc\" \/>\n<script type=\"application\/ld+json\" class=\"yoast-schema-graph\">{\"@context\":\"https:\/\/schema.org\",\"@graph\":[{\"@type\":\"Article\",\"@id\":\"https:\/\/www.mafsz.hu\/index.php\/2012\/06\/25\/sam-hammer-minden-23\/#article\",\"isPartOf\":{\"@id\":\"https:\/\/www.mafsz.hu\/index.php\/2012\/06\/25\/sam-hammer-minden-23\/\"},\"author\":{\"name\":\"\u00c1d\u00e1m\",\"@id\":\"https:\/\/www.mafsz.hu\/#\/schema\/person\/549621f00f612642da9d7614098127b6\"},\"headline\":\"Sam Hammer &#8211; Minden 23\",\"datePublished\":\"2012-06-25T22:34:54+00:00\",\"dateModified\":\"2019-01-24T17:09:09+00:00\",\"mainEntityOfPage\":{\"@id\":\"https:\/\/www.mafsz.hu\/index.php\/2012\/06\/25\/sam-hammer-minden-23\/\"},\"wordCount\":263,\"commentCount\":0,\"publisher\":{\"@id\":\"https:\/\/www.mafsz.hu\/#organization\"},\"image\":{\"@id\":\"https:\/\/www.mafsz.hu\/index.php\/2012\/06\/25\/sam-hammer-minden-23\/#primaryimage\"},\"thumbnailUrl\":\"https:\/\/www.mafsz.hu\/wp-content\/uploads\/2019\/01\/samhammer01.jpg\",\"keywords\":[\"foto\",\"gal\u00e9ria\",\"sam hammer\"],\"articleSection\":[\"MAFSZ gal\u00e9ria\"],\"inLanguage\":\"hu\",\"potentialAction\":[{\"@type\":\"CommentAction\",\"name\":\"Comment\",\"target\":[\"https:\/\/www.mafsz.hu\/index.php\/2012\/06\/25\/sam-hammer-minden-23\/#respond\"]}]},{\"@type\":\"WebPage\",\"@id\":\"https:\/\/www.mafsz.hu\/index.php\/2012\/06\/25\/sam-hammer-minden-23\/\",\"url\":\"https:\/\/www.mafsz.hu\/index.php\/2012\/06\/25\/sam-hammer-minden-23\/\",\"name\":\"Sam Hammer - Minden 23 - MAFSZ\",\"isPartOf\":{\"@id\":\"https:\/\/www.mafsz.hu\/#website\"},\"primaryImageOfPage\":{\"@id\":\"https:\/\/www.mafsz.hu\/index.php\/2012\/06\/25\/sam-hammer-minden-23\/#primaryimage\"},\"image\":{\"@id\":\"https:\/\/www.mafsz.hu\/index.php\/2012\/06\/25\/sam-hammer-minden-23\/#primaryimage\"},\"thumbnailUrl\":\"https:\/\/www.mafsz.hu\/wp-content\/uploads\/2019\/01\/samhammer01.jpg\",\"datePublished\":\"2012-06-25T22:34:54+00:00\",\"dateModified\":\"2019-01-24T17:09:09+00:00\",\"description\":\"A legt\u00f6bb dolog, ami ma k\u00e9sz\u00fcl az a K\u00c9P. Boldog \u00e9s m\u00e9g boldogabb meg\u00f6r\u00f6k\u00edti azt, ami van.\",\"breadcrumb\":{\"@id\":\"https:\/\/www.mafsz.hu\/index.php\/2012\/06\/25\/sam-hammer-minden-23\/#breadcrumb\"},\"inLanguage\":\"hu\",\"potentialAction\":[{\"@type\":\"ReadAction\",\"target\":[\"https:\/\/www.mafsz.hu\/index.php\/2012\/06\/25\/sam-hammer-minden-23\/\"]}]},{\"@type\":\"ImageObject\",\"inLanguage\":\"hu\",\"@id\":\"https:\/\/www.mafsz.hu\/index.php\/2012\/06\/25\/sam-hammer-minden-23\/#primaryimage\",\"url\":\"https:\/\/www.mafsz.hu\/wp-content\/uploads\/2019\/01\/samhammer01.jpg\",\"contentUrl\":\"https:\/\/www.mafsz.hu\/wp-content\/uploads\/2019\/01\/samhammer01.jpg\",\"width\":500,\"height\":380},{\"@type\":\"BreadcrumbList\",\"@id\":\"https:\/\/www.mafsz.hu\/index.php\/2012\/06\/25\/sam-hammer-minden-23\/#breadcrumb\",\"itemListElement\":[{\"@type\":\"ListItem\",\"position\":1,\"name\":\"Home\",\"item\":\"https:\/\/www.mafsz.hu\/\"},{\"@type\":\"ListItem\",\"position\":2,\"name\":\"Sam Hammer &#8211; Minden 23\"}]},{\"@type\":\"WebSite\",\"@id\":\"https:\/\/www.mafsz.hu\/#website\",\"url\":\"https:\/\/www.mafsz.hu\/\",\"name\":\"MAFSZ - Magyar F\u00fcggetlen Film \u00e9s Vide\u00f3 Sz\u00f6vets\u00e9g\",\"description\":\"Magyar F\u00fcggetlen Film \u00e9s Video Sz\u00f6vets\u00e9g\",\"publisher\":{\"@id\":\"https:\/\/www.mafsz.hu\/#organization\"},\"potentialAction\":[{\"@type\":\"SearchAction\",\"target\":{\"@type\":\"EntryPoint\",\"urlTemplate\":\"https:\/\/www.mafsz.hu\/?s={search_term_string}\"},\"query-input\":{\"@type\":\"PropertyValueSpecification\",\"valueRequired\":true,\"valueName\":\"search_term_string\"}}],\"inLanguage\":\"hu\"},{\"@type\":\"Organization\",\"@id\":\"https:\/\/www.mafsz.hu\/#organization\",\"name\":\"Magyar F\u00fcggetlen Film \u00e9s Video Sz\u00f6vets\u00e9g\",\"url\":\"https:\/\/www.mafsz.hu\/\",\"logo\":{\"@type\":\"ImageObject\",\"inLanguage\":\"hu\",\"@id\":\"https:\/\/www.mafsz.hu\/#\/schema\/logo\/image\/\",\"url\":\"https:\/\/www.mafsz.hu\/wp-content\/uploads\/2019\/01\/Mafszlogo_ff_72dpi_2018.jpg\",\"contentUrl\":\"https:\/\/www.mafsz.hu\/wp-content\/uploads\/2019\/01\/Mafszlogo_ff_72dpi_2018.jpg\",\"width\":724,\"height\":705,\"caption\":\"Magyar F\u00fcggetlen Film \u00e9s Video Sz\u00f6vets\u00e9g\"},\"image\":{\"@id\":\"https:\/\/www.mafsz.hu\/#\/schema\/logo\/image\/\"},\"sameAs\":[\"https:\/\/www.facebook.com\/MAFSZ\/\",\"https:\/\/www.instagram.com\/mafsz31\",\"https:\/\/www.youtube.com\/channel\/UC0VaPk-iRomi0S1rTqAlFZg\"]},{\"@type\":\"Person\",\"@id\":\"https:\/\/www.mafsz.hu\/#\/schema\/person\/549621f00f612642da9d7614098127b6\",\"name\":\"\u00c1d\u00e1m\",\"image\":{\"@type\":\"ImageObject\",\"inLanguage\":\"hu\",\"@id\":\"https:\/\/www.mafsz.hu\/#\/schema\/person\/image\/\",\"url\":\"https:\/\/secure.gravatar.com\/avatar\/11851bdb003bd7ae9fda99bf3c88a91b2b9b3e4daf19e1eecae1145adbc699f6?s=96&d=identicon&r=g\",\"contentUrl\":\"https:\/\/secure.gravatar.com\/avatar\/11851bdb003bd7ae9fda99bf3c88a91b2b9b3e4daf19e1eecae1145adbc699f6?s=96&d=identicon&r=g\",\"caption\":\"\u00c1d\u00e1m\"}}]}<\/script>\n<!-- \/ Yoast SEO plugin. -->","yoast_head_json":{"title":"Sam Hammer - Minden 23 - MAFSZ","description":"A legt\u00f6bb dolog, ami ma k\u00e9sz\u00fcl az a K\u00c9P. Boldog \u00e9s m\u00e9g boldogabb meg\u00f6r\u00f6k\u00edti azt, ami van.","robots":{"index":"index","follow":"follow","max-snippet":"max-snippet:-1","max-image-preview":"max-image-preview:large","max-video-preview":"max-video-preview:-1"},"canonical":"https:\/\/www.mafsz.hu\/index.php\/2012\/06\/25\/sam-hammer-minden-23\/","og_locale":"hu_HU","og_type":"article","og_title":"Sam Hammer - Minden 23 - MAFSZ","og_description":"A legt\u00f6bb dolog, ami ma k\u00e9sz\u00fcl az a K\u00c9P. Boldog \u00e9s m\u00e9g boldogabb meg\u00f6r\u00f6k\u00edti azt, ami van.","og_url":"https:\/\/www.mafsz.hu\/index.php\/2012\/06\/25\/sam-hammer-minden-23\/","og_site_name":"MAFSZ","article_publisher":"https:\/\/www.facebook.com\/MAFSZ\/","article_published_time":"2012-06-25T22:34:54+00:00","article_modified_time":"2019-01-24T17:09:09+00:00","og_image":[{"width":500,"height":380,"url":"https:\/\/www.mafsz.hu\/wp-content\/uploads\/2019\/01\/samhammer01.jpg","type":"image\/jpeg"}],"author":"\u00c1d\u00e1m","twitter_card":"summary_large_image","twitter_misc":{"Szerz\u0151:":"\u00c1d\u00e1m","Becs\u00fclt olvas\u00e1si id\u0151":"1 perc"},"schema":{"@context":"https:\/\/schema.org","@graph":[{"@type":"Article","@id":"https:\/\/www.mafsz.hu\/index.php\/2012\/06\/25\/sam-hammer-minden-23\/#article","isPartOf":{"@id":"https:\/\/www.mafsz.hu\/index.php\/2012\/06\/25\/sam-hammer-minden-23\/"},"author":{"name":"\u00c1d\u00e1m","@id":"https:\/\/www.mafsz.hu\/#\/schema\/person\/549621f00f612642da9d7614098127b6"},"headline":"Sam Hammer &#8211; Minden 23","datePublished":"2012-06-25T22:34:54+00:00","dateModified":"2019-01-24T17:09:09+00:00","mainEntityOfPage":{"@id":"https:\/\/www.mafsz.hu\/index.php\/2012\/06\/25\/sam-hammer-minden-23\/"},"wordCount":263,"commentCount":0,"publisher":{"@id":"https:\/\/www.mafsz.hu\/#organization"},"image":{"@id":"https:\/\/www.mafsz.hu\/index.php\/2012\/06\/25\/sam-hammer-minden-23\/#primaryimage"},"thumbnailUrl":"https:\/\/www.mafsz.hu\/wp-content\/uploads\/2019\/01\/samhammer01.jpg","keywords":["foto","gal\u00e9ria","sam hammer"],"articleSection":["MAFSZ gal\u00e9ria"],"inLanguage":"hu","potentialAction":[{"@type":"CommentAction","name":"Comment","target":["https:\/\/www.mafsz.hu\/index.php\/2012\/06\/25\/sam-hammer-minden-23\/#respond"]}]},{"@type":"WebPage","@id":"https:\/\/www.mafsz.hu\/index.php\/2012\/06\/25\/sam-hammer-minden-23\/","url":"https:\/\/www.mafsz.hu\/index.php\/2012\/06\/25\/sam-hammer-minden-23\/","name":"Sam Hammer - Minden 23 - MAFSZ","isPartOf":{"@id":"https:\/\/www.mafsz.hu\/#website"},"primaryImageOfPage":{"@id":"https:\/\/www.mafsz.hu\/index.php\/2012\/06\/25\/sam-hammer-minden-23\/#primaryimage"},"image":{"@id":"https:\/\/www.mafsz.hu\/index.php\/2012\/06\/25\/sam-hammer-minden-23\/#primaryimage"},"thumbnailUrl":"https:\/\/www.mafsz.hu\/wp-content\/uploads\/2019\/01\/samhammer01.jpg","datePublished":"2012-06-25T22:34:54+00:00","dateModified":"2019-01-24T17:09:09+00:00","description":"A legt\u00f6bb dolog, ami ma k\u00e9sz\u00fcl az a K\u00c9P. Boldog \u00e9s m\u00e9g boldogabb meg\u00f6r\u00f6k\u00edti azt, ami van.","breadcrumb":{"@id":"https:\/\/www.mafsz.hu\/index.php\/2012\/06\/25\/sam-hammer-minden-23\/#breadcrumb"},"inLanguage":"hu","potentialAction":[{"@type":"ReadAction","target":["https:\/\/www.mafsz.hu\/index.php\/2012\/06\/25\/sam-hammer-minden-23\/"]}]},{"@type":"ImageObject","inLanguage":"hu","@id":"https:\/\/www.mafsz.hu\/index.php\/2012\/06\/25\/sam-hammer-minden-23\/#primaryimage","url":"https:\/\/www.mafsz.hu\/wp-content\/uploads\/2019\/01\/samhammer01.jpg","contentUrl":"https:\/\/www.mafsz.hu\/wp-content\/uploads\/2019\/01\/samhammer01.jpg","width":500,"height":380},{"@type":"BreadcrumbList","@id":"https:\/\/www.mafsz.hu\/index.php\/2012\/06\/25\/sam-hammer-minden-23\/#breadcrumb","itemListElement":[{"@type":"ListItem","position":1,"name":"Home","item":"https:\/\/www.mafsz.hu\/"},{"@type":"ListItem","position":2,"name":"Sam Hammer &#8211; Minden 23"}]},{"@type":"WebSite","@id":"https:\/\/www.mafsz.hu\/#website","url":"https:\/\/www.mafsz.hu\/","name":"MAFSZ - Magyar F\u00fcggetlen Film \u00e9s Vide\u00f3 Sz\u00f6vets\u00e9g","description":"Magyar F\u00fcggetlen Film \u00e9s Video Sz\u00f6vets\u00e9g","publisher":{"@id":"https:\/\/www.mafsz.hu\/#organization"},"potentialAction":[{"@type":"SearchAction","target":{"@type":"EntryPoint","urlTemplate":"https:\/\/www.mafsz.hu\/?s={search_term_string}"},"query-input":{"@type":"PropertyValueSpecification","valueRequired":true,"valueName":"search_term_string"}}],"inLanguage":"hu"},{"@type":"Organization","@id":"https:\/\/www.mafsz.hu\/#organization","name":"Magyar F\u00fcggetlen Film \u00e9s Video Sz\u00f6vets\u00e9g","url":"https:\/\/www.mafsz.hu\/","logo":{"@type":"ImageObject","inLanguage":"hu","@id":"https:\/\/www.mafsz.hu\/#\/schema\/logo\/image\/","url":"https:\/\/www.mafsz.hu\/wp-content\/uploads\/2019\/01\/Mafszlogo_ff_72dpi_2018.jpg","contentUrl":"https:\/\/www.mafsz.hu\/wp-content\/uploads\/2019\/01\/Mafszlogo_ff_72dpi_2018.jpg","width":724,"height":705,"caption":"Magyar F\u00fcggetlen Film \u00e9s Video Sz\u00f6vets\u00e9g"},"image":{"@id":"https:\/\/www.mafsz.hu\/#\/schema\/logo\/image\/"},"sameAs":["https:\/\/www.facebook.com\/MAFSZ\/","https:\/\/www.instagram.com\/mafsz31","https:\/\/www.youtube.com\/channel\/UC0VaPk-iRomi0S1rTqAlFZg"]},{"@type":"Person","@id":"https:\/\/www.mafsz.hu\/#\/schema\/person\/549621f00f612642da9d7614098127b6","name":"\u00c1d\u00e1m","image":{"@type":"ImageObject","inLanguage":"hu","@id":"https:\/\/www.mafsz.hu\/#\/schema\/person\/image\/","url":"https:\/\/secure.gravatar.com\/avatar\/11851bdb003bd7ae9fda99bf3c88a91b2b9b3e4daf19e1eecae1145adbc699f6?s=96&d=identicon&r=g","contentUrl":"https:\/\/secure.gravatar.com\/avatar\/11851bdb003bd7ae9fda99bf3c88a91b2b9b3e4daf19e1eecae1145adbc699f6?s=96&d=identicon&r=g","caption":"\u00c1d\u00e1m"}}]}},"jetpack_featured_media_url":"https:\/\/www.mafsz.hu\/wp-content\/uploads\/2019\/01\/samhammer01.jpg","jetpack_sharing_enabled":true,"_links":{"self":[{"href":"https:\/\/www.mafsz.hu\/index.php\/wp-json\/wp\/v2\/posts\/42","targetHints":{"allow":["GET"]}}],"collection":[{"href":"https:\/\/www.mafsz.hu\/index.php\/wp-json\/wp\/v2\/posts"}],"about":[{"href":"https:\/\/www.mafsz.hu\/index.php\/wp-json\/wp\/v2\/types\/post"}],"author":[{"embeddable":true,"href":"https:\/\/www.mafsz.hu\/index.php\/wp-json\/wp\/v2\/users\/1"}],"replies":[{"embeddable":true,"href":"https:\/\/www.mafsz.hu\/index.php\/wp-json\/wp\/v2\/comments?post=42"}],"version-history":[{"count":10,"href":"https:\/\/www.mafsz.hu\/index.php\/wp-json\/wp\/v2\/posts\/42\/revisions"}],"predecessor-version":[{"id":787,"href":"https:\/\/www.mafsz.hu\/index.php\/wp-json\/wp\/v2\/posts\/42\/revisions\/787"}],"wp:featuredmedia":[{"embeddable":true,"href":"https:\/\/www.mafsz.hu\/index.php\/wp-json\/wp\/v2\/media\/713"}],"wp:attachment":[{"href":"https:\/\/www.mafsz.hu\/index.php\/wp-json\/wp\/v2\/media?parent=42"}],"wp:term":[{"taxonomy":"category","embeddable":true,"href":"https:\/\/www.mafsz.hu\/index.php\/wp-json\/wp\/v2\/categories?post=42"},{"taxonomy":"post_tag","embeddable":true,"href":"https:\/\/www.mafsz.hu\/index.php\/wp-json\/wp\/v2\/tags?post=42"}],"curies":[{"name":"wp","href":"https:\/\/api.w.org\/{rel}","templated":true}]}}