{"id":677,"date":"2019-01-24T14:02:24","date_gmt":"2019-01-24T14:02:24","guid":{"rendered":"http:\/\/www.mafsz.hu\/?p=677"},"modified":"2019-01-24T15:17:49","modified_gmt":"2019-01-24T15:17:49","slug":"corvin-moziejszaka-2019","status":"publish","type":"post","link":"https:\/\/www.mafsz.hu\/index.php\/2019\/01\/24\/corvin-moziejszaka-2019\/","title":{"rendered":"Corvin Mozi\u00e9jszaka 2019"},"content":{"rendered":"<h3>Ism\u00e9t mozi\u00e9jszaka a Corvin mozi mind a hat term\u00e9ben 2019. febru\u00e1r 16-\u00e1n!<\/h3>\n<p><!--more--><\/p>\n<p>A n\u00e9pszer\u0171 filmes maratonon hajnalig vet\u00edtenek \u00faj, m\u00e9g \u00fajabb, s\u0151t premier el\u0151tti filmeket. A megv\u00e1s\u00e1rolt bel\u00e9p\u0151vel korl\u00e1tlanul l\u00e1togathat\u00f3k a termek, illetve filmek, s ez alatt term\u00e9szetesen a b\u00fcf\u00e9nk is szolg\u00e1latra k\u00e9szen v\u00e1rja a l\u00e1togat\u00f3kat.<\/p>\n<h4>A karszalagok \u00e1ra egys\u00e9gesen 3600 Ft.<\/h4>\n<p>K\u00fcl\u00f6n \u00f6r\u00f6m, hogy a mozi\u00e9jszaka n\u00e9z\u0151it m\u00e1r \u00faj \u00fcl\u00e9sek \u00e9s friss l\u00e1tv\u00e1nyelemek fogadj\u00e1k majd. A fel\u00faj\u00edt\u00e1s a napokban kezd\u0151dik, \u00e1m csak r\u00e9szleges le\u00e1ll\u00e1st jelent, a mozi ezalatt is zavartalanul \u00fczemel.<\/p>\n<p>Amit m\u00e1r biztosan l\u00e1thatnak a n\u00e9z\u0151k:<\/p>\n<ul>\n<li>Alita: A harc angyala<\/li>\n<li>Boh\u00e9m Rapsz\u00f3dia<\/li>\n<li>\u00dcveg<\/li>\n<li>Heavy t\u00fara<\/li>\n<li>Ruben Brandt, a gy\u0171jt\u0151<\/li>\n<li>Rossz versek<\/li>\n<li>Puszt\u00edt\u00f3<\/li>\n<li>Ragadoz\u00f3 v\u00e1rosok 3D<\/li>\n<li>Instant csal\u00e1d<\/li>\n<li>A h\u00e1z, amit Jack \u00e9p\u00edtett<\/li>\n<li>Nyitva<\/li>\n<\/ul>\n<p>\u2013 \u00e9s tov\u00e1bbi sikerfilmek az elm\u00falt hetek bemutat\u00f3ib\u00f3l.<\/p>\n<p>A teljes program hamarosan elk\u00e9sz\u00fcl, Facebook-esem\u00e9ny: <a href=\"https:\/\/www.facebook.com\/events\/336500333617443\/\">https:\/\/www.facebook.com\/events\/336500333617443\/<\/a><\/p>\n<div id=\"erdyt-69f457b0b5274\" data-id=\"DlQtpPyUce8\" class=\"erd-youtube-responsive\" style=\"display:block;position:relative;clear:both;width:100%;max-width:100%;margin-left:auto;margin-right:auto;\"><div style=\"padding-bottom:56.25%;\"><div class=\"erd-ytplay\" id=\"erdytp-DlQtpPyUce8-69f457b0b5274\" data-vid=\"DlQtpPyUce8\"   data-src=\"https:\/\/www.youtube.com\/embed\/DlQtpPyUce8?loop=1&#038;autoplay=1&#038;rel=0\" data-allowfullscreen=\"true\"><img decoding=\"async\" src=\"https:\/\/i.ytimg.com\/vi\/DlQtpPyUce8\/hqdefault.jpg\" alt=\"YouTube Video\" \/><\/div><\/div><\/div>\n","protected":false},"excerpt":{"rendered":"<p>Ism\u00e9t mozi\u00e9jszaka a Corvin mozi mind a hat term\u00e9ben 2019. febru\u00e1r 16-\u00e1n!<\/p>\n","protected":false},"author":1,"featured_media":681,"comment_status":"closed","ping_status":"open","sticky":false,"template":"","format":"standard","meta":{"_jetpack_memberships_contains_paid_content":false,"footnotes":""},"categories":[1],"tags":[41,33,35,38,16,37,25,40,39,36,34],"class_list":["post-677","post","type-post","status-publish","format-standard","has-post-thumbnail","hentry","category-blog","tag-41","tag-bohem-rapszodia","tag-brandt","tag-corvin","tag-film","tag-jegy","tag-mozi","tag-musor","tag-program","tag-rossz-versek","tag-ruben"],"yoast_head":"<!-- This site is optimized with the Yoast SEO plugin v27.0 - https:\/\/yoast.com\/product\/yoast-seo-wordpress\/ -->\n<title>Corvin Mozi\u00e9jszaka 2019 - MAFSZ<\/title>\n<meta name=\"description\" content=\"Ism\u00e9t mozi\u00e9jszaka a Corvin mozi mind a hat term\u00e9ben 2019. febru\u00e1r 16-\u00e1n!\" \/>\n<meta name=\"robots\" content=\"index, follow, max-snippet:-1, max-image-preview:large, max-video-preview:-1\" \/>\n<link rel=\"canonical\" href=\"https:\/\/www.mafsz.hu\/index.php\/2019\/01\/24\/corvin-moziejszaka-2019\/\" \/>\n<meta property=\"og:locale\" content=\"hu_HU\" \/>\n<meta property=\"og:type\" content=\"article\" \/>\n<meta property=\"og:title\" content=\"Corvin Mozi\u00e9jszaka 2019 - MAFSZ\" \/>\n<meta property=\"og:description\" content=\"Ism\u00e9t mozi\u00e9jszaka a Corvin mozi mind a hat term\u00e9ben 2019. febru\u00e1r 16-\u00e1n!\" \/>\n<meta property=\"og:url\" content=\"https:\/\/www.mafsz.hu\/index.php\/2019\/01\/24\/corvin-moziejszaka-2019\/\" \/>\n<meta property=\"og:site_name\" content=\"MAFSZ\" \/>\n<meta property=\"article:publisher\" content=\"https:\/\/www.facebook.com\/MAFSZ\/\" \/>\n<meta property=\"article:published_time\" content=\"2019-01-24T14:02:24+00:00\" \/>\n<meta property=\"article:modified_time\" content=\"2019-01-24T15:17:49+00:00\" \/>\n<meta property=\"og:image\" content=\"https:\/\/www.mafsz.hu\/wp-content\/uploads\/2019\/01\/corvin_moziejszaka2019_04-2ok.jpg\" \/>\n\t<meta property=\"og:image:width\" content=\"1920\" \/>\n\t<meta property=\"og:image:height\" content=\"1080\" \/>\n\t<meta property=\"og:image:type\" content=\"image\/jpeg\" \/>\n<meta name=\"author\" content=\"\u00c1d\u00e1m\" \/>\n<meta name=\"twitter:card\" content=\"summary_large_image\" \/>\n<meta name=\"twitter:label1\" content=\"Szerz\u0151:\" \/>\n\t<meta name=\"twitter:data1\" content=\"\u00c1d\u00e1m\" \/>\n\t<meta name=\"twitter:label2\" content=\"Becs\u00fclt olvas\u00e1si id\u0151\" \/>\n\t<meta name=\"twitter:data2\" content=\"1 perc\" \/>\n<script type=\"application\/ld+json\" class=\"yoast-schema-graph\">{\"@context\":\"https:\/\/schema.org\",\"@graph\":[{\"@type\":\"Article\",\"@id\":\"https:\/\/www.mafsz.hu\/index.php\/2019\/01\/24\/corvin-moziejszaka-2019\/#article\",\"isPartOf\":{\"@id\":\"https:\/\/www.mafsz.hu\/index.php\/2019\/01\/24\/corvin-moziejszaka-2019\/\"},\"author\":{\"name\":\"\u00c1d\u00e1m\",\"@id\":\"https:\/\/www.mafsz.hu\/#\/schema\/person\/549621f00f612642da9d7614098127b6\"},\"headline\":\"Corvin Mozi\u00e9jszaka 2019\",\"datePublished\":\"2019-01-24T14:02:24+00:00\",\"dateModified\":\"2019-01-24T15:17:49+00:00\",\"mainEntityOfPage\":{\"@id\":\"https:\/\/www.mafsz.hu\/index.php\/2019\/01\/24\/corvin-moziejszaka-2019\/\"},\"wordCount\":201,\"publisher\":{\"@id\":\"https:\/\/www.mafsz.hu\/#organization\"},\"image\":{\"@id\":\"https:\/\/www.mafsz.hu\/index.php\/2019\/01\/24\/corvin-moziejszaka-2019\/#primaryimage\"},\"thumbnailUrl\":\"https:\/\/www.mafsz.hu\/wp-content\/uploads\/2019\/01\/corvin_moziejszaka2019_04-2ok.jpg\",\"keywords\":[\"2019\",\"boh\u00e9m rapsz\u00f3dia\",\"brandt\",\"corvin\",\"film\",\"jegy\",\"mozi\",\"m\u0171sor\",\"program\",\"rossz versek\",\"ruben\"],\"articleSection\":[\"Blog\"],\"inLanguage\":\"hu\"},{\"@type\":\"WebPage\",\"@id\":\"https:\/\/www.mafsz.hu\/index.php\/2019\/01\/24\/corvin-moziejszaka-2019\/\",\"url\":\"https:\/\/www.mafsz.hu\/index.php\/2019\/01\/24\/corvin-moziejszaka-2019\/\",\"name\":\"Corvin Mozi\u00e9jszaka 2019 - MAFSZ\",\"isPartOf\":{\"@id\":\"https:\/\/www.mafsz.hu\/#website\"},\"primaryImageOfPage\":{\"@id\":\"https:\/\/www.mafsz.hu\/index.php\/2019\/01\/24\/corvin-moziejszaka-2019\/#primaryimage\"},\"image\":{\"@id\":\"https:\/\/www.mafsz.hu\/index.php\/2019\/01\/24\/corvin-moziejszaka-2019\/#primaryimage\"},\"thumbnailUrl\":\"https:\/\/www.mafsz.hu\/wp-content\/uploads\/2019\/01\/corvin_moziejszaka2019_04-2ok.jpg\",\"datePublished\":\"2019-01-24T14:02:24+00:00\",\"dateModified\":\"2019-01-24T15:17:49+00:00\",\"description\":\"Ism\u00e9t mozi\u00e9jszaka a Corvin mozi mind a hat term\u00e9ben 2019. febru\u00e1r 16-\u00e1n!\",\"breadcrumb\":{\"@id\":\"https:\/\/www.mafsz.hu\/index.php\/2019\/01\/24\/corvin-moziejszaka-2019\/#breadcrumb\"},\"inLanguage\":\"hu\",\"potentialAction\":[{\"@type\":\"ReadAction\",\"target\":[\"https:\/\/www.mafsz.hu\/index.php\/2019\/01\/24\/corvin-moziejszaka-2019\/\"]}]},{\"@type\":\"ImageObject\",\"inLanguage\":\"hu\",\"@id\":\"https:\/\/www.mafsz.hu\/index.php\/2019\/01\/24\/corvin-moziejszaka-2019\/#primaryimage\",\"url\":\"https:\/\/www.mafsz.hu\/wp-content\/uploads\/2019\/01\/corvin_moziejszaka2019_04-2ok.jpg\",\"contentUrl\":\"https:\/\/www.mafsz.hu\/wp-content\/uploads\/2019\/01\/corvin_moziejszaka2019_04-2ok.jpg\",\"width\":1920,\"height\":1080},{\"@type\":\"BreadcrumbList\",\"@id\":\"https:\/\/www.mafsz.hu\/index.php\/2019\/01\/24\/corvin-moziejszaka-2019\/#breadcrumb\",\"itemListElement\":[{\"@type\":\"ListItem\",\"position\":1,\"name\":\"Home\",\"item\":\"https:\/\/www.mafsz.hu\/\"},{\"@type\":\"ListItem\",\"position\":2,\"name\":\"Corvin Mozi\u00e9jszaka 2019\"}]},{\"@type\":\"WebSite\",\"@id\":\"https:\/\/www.mafsz.hu\/#website\",\"url\":\"https:\/\/www.mafsz.hu\/\",\"name\":\"MAFSZ - Magyar F\u00fcggetlen Film \u00e9s Vide\u00f3 Sz\u00f6vets\u00e9g\",\"description\":\"Magyar F\u00fcggetlen Film \u00e9s Video Sz\u00f6vets\u00e9g\",\"publisher\":{\"@id\":\"https:\/\/www.mafsz.hu\/#organization\"},\"potentialAction\":[{\"@type\":\"SearchAction\",\"target\":{\"@type\":\"EntryPoint\",\"urlTemplate\":\"https:\/\/www.mafsz.hu\/?s={search_term_string}\"},\"query-input\":{\"@type\":\"PropertyValueSpecification\",\"valueRequired\":true,\"valueName\":\"search_term_string\"}}],\"inLanguage\":\"hu\"},{\"@type\":\"Organization\",\"@id\":\"https:\/\/www.mafsz.hu\/#organization\",\"name\":\"Magyar F\u00fcggetlen Film \u00e9s Video Sz\u00f6vets\u00e9g\",\"url\":\"https:\/\/www.mafsz.hu\/\",\"logo\":{\"@type\":\"ImageObject\",\"inLanguage\":\"hu\",\"@id\":\"https:\/\/www.mafsz.hu\/#\/schema\/logo\/image\/\",\"url\":\"https:\/\/www.mafsz.hu\/wp-content\/uploads\/2019\/01\/Mafszlogo_ff_72dpi_2018.jpg\",\"contentUrl\":\"https:\/\/www.mafsz.hu\/wp-content\/uploads\/2019\/01\/Mafszlogo_ff_72dpi_2018.jpg\",\"width\":724,\"height\":705,\"caption\":\"Magyar F\u00fcggetlen Film \u00e9s Video Sz\u00f6vets\u00e9g\"},\"image\":{\"@id\":\"https:\/\/www.mafsz.hu\/#\/schema\/logo\/image\/\"},\"sameAs\":[\"https:\/\/www.facebook.com\/MAFSZ\/\",\"https:\/\/www.instagram.com\/mafsz31\",\"https:\/\/www.youtube.com\/channel\/UC0VaPk-iRomi0S1rTqAlFZg\"]},{\"@type\":\"Person\",\"@id\":\"https:\/\/www.mafsz.hu\/#\/schema\/person\/549621f00f612642da9d7614098127b6\",\"name\":\"\u00c1d\u00e1m\",\"image\":{\"@type\":\"ImageObject\",\"inLanguage\":\"hu\",\"@id\":\"https:\/\/www.mafsz.hu\/#\/schema\/person\/image\/\",\"url\":\"https:\/\/secure.gravatar.com\/avatar\/11851bdb003bd7ae9fda99bf3c88a91b2b9b3e4daf19e1eecae1145adbc699f6?s=96&d=identicon&r=g\",\"contentUrl\":\"https:\/\/secure.gravatar.com\/avatar\/11851bdb003bd7ae9fda99bf3c88a91b2b9b3e4daf19e1eecae1145adbc699f6?s=96&d=identicon&r=g\",\"caption\":\"\u00c1d\u00e1m\"}}]}<\/script>\n<!-- \/ Yoast SEO plugin. -->","yoast_head_json":{"title":"Corvin Mozi\u00e9jszaka 2019 - MAFSZ","description":"Ism\u00e9t mozi\u00e9jszaka a Corvin mozi mind a hat term\u00e9ben 2019. febru\u00e1r 16-\u00e1n!","robots":{"index":"index","follow":"follow","max-snippet":"max-snippet:-1","max-image-preview":"max-image-preview:large","max-video-preview":"max-video-preview:-1"},"canonical":"https:\/\/www.mafsz.hu\/index.php\/2019\/01\/24\/corvin-moziejszaka-2019\/","og_locale":"hu_HU","og_type":"article","og_title":"Corvin Mozi\u00e9jszaka 2019 - MAFSZ","og_description":"Ism\u00e9t mozi\u00e9jszaka a Corvin mozi mind a hat term\u00e9ben 2019. febru\u00e1r 16-\u00e1n!","og_url":"https:\/\/www.mafsz.hu\/index.php\/2019\/01\/24\/corvin-moziejszaka-2019\/","og_site_name":"MAFSZ","article_publisher":"https:\/\/www.facebook.com\/MAFSZ\/","article_published_time":"2019-01-24T14:02:24+00:00","article_modified_time":"2019-01-24T15:17:49+00:00","og_image":[{"width":1920,"height":1080,"url":"https:\/\/www.mafsz.hu\/wp-content\/uploads\/2019\/01\/corvin_moziejszaka2019_04-2ok.jpg","type":"image\/jpeg"}],"author":"\u00c1d\u00e1m","twitter_card":"summary_large_image","twitter_misc":{"Szerz\u0151:":"\u00c1d\u00e1m","Becs\u00fclt olvas\u00e1si id\u0151":"1 perc"},"schema":{"@context":"https:\/\/schema.org","@graph":[{"@type":"Article","@id":"https:\/\/www.mafsz.hu\/index.php\/2019\/01\/24\/corvin-moziejszaka-2019\/#article","isPartOf":{"@id":"https:\/\/www.mafsz.hu\/index.php\/2019\/01\/24\/corvin-moziejszaka-2019\/"},"author":{"name":"\u00c1d\u00e1m","@id":"https:\/\/www.mafsz.hu\/#\/schema\/person\/549621f00f612642da9d7614098127b6"},"headline":"Corvin Mozi\u00e9jszaka 2019","datePublished":"2019-01-24T14:02:24+00:00","dateModified":"2019-01-24T15:17:49+00:00","mainEntityOfPage":{"@id":"https:\/\/www.mafsz.hu\/index.php\/2019\/01\/24\/corvin-moziejszaka-2019\/"},"wordCount":201,"publisher":{"@id":"https:\/\/www.mafsz.hu\/#organization"},"image":{"@id":"https:\/\/www.mafsz.hu\/index.php\/2019\/01\/24\/corvin-moziejszaka-2019\/#primaryimage"},"thumbnailUrl":"https:\/\/www.mafsz.hu\/wp-content\/uploads\/2019\/01\/corvin_moziejszaka2019_04-2ok.jpg","keywords":["2019","boh\u00e9m rapsz\u00f3dia","brandt","corvin","film","jegy","mozi","m\u0171sor","program","rossz versek","ruben"],"articleSection":["Blog"],"inLanguage":"hu"},{"@type":"WebPage","@id":"https:\/\/www.mafsz.hu\/index.php\/2019\/01\/24\/corvin-moziejszaka-2019\/","url":"https:\/\/www.mafsz.hu\/index.php\/2019\/01\/24\/corvin-moziejszaka-2019\/","name":"Corvin Mozi\u00e9jszaka 2019 - MAFSZ","isPartOf":{"@id":"https:\/\/www.mafsz.hu\/#website"},"primaryImageOfPage":{"@id":"https:\/\/www.mafsz.hu\/index.php\/2019\/01\/24\/corvin-moziejszaka-2019\/#primaryimage"},"image":{"@id":"https:\/\/www.mafsz.hu\/index.php\/2019\/01\/24\/corvin-moziejszaka-2019\/#primaryimage"},"thumbnailUrl":"https:\/\/www.mafsz.hu\/wp-content\/uploads\/2019\/01\/corvin_moziejszaka2019_04-2ok.jpg","datePublished":"2019-01-24T14:02:24+00:00","dateModified":"2019-01-24T15:17:49+00:00","description":"Ism\u00e9t mozi\u00e9jszaka a Corvin mozi mind a hat term\u00e9ben 2019. febru\u00e1r 16-\u00e1n!","breadcrumb":{"@id":"https:\/\/www.mafsz.hu\/index.php\/2019\/01\/24\/corvin-moziejszaka-2019\/#breadcrumb"},"inLanguage":"hu","potentialAction":[{"@type":"ReadAction","target":["https:\/\/www.mafsz.hu\/index.php\/2019\/01\/24\/corvin-moziejszaka-2019\/"]}]},{"@type":"ImageObject","inLanguage":"hu","@id":"https:\/\/www.mafsz.hu\/index.php\/2019\/01\/24\/corvin-moziejszaka-2019\/#primaryimage","url":"https:\/\/www.mafsz.hu\/wp-content\/uploads\/2019\/01\/corvin_moziejszaka2019_04-2ok.jpg","contentUrl":"https:\/\/www.mafsz.hu\/wp-content\/uploads\/2019\/01\/corvin_moziejszaka2019_04-2ok.jpg","width":1920,"height":1080},{"@type":"BreadcrumbList","@id":"https:\/\/www.mafsz.hu\/index.php\/2019\/01\/24\/corvin-moziejszaka-2019\/#breadcrumb","itemListElement":[{"@type":"ListItem","position":1,"name":"Home","item":"https:\/\/www.mafsz.hu\/"},{"@type":"ListItem","position":2,"name":"Corvin Mozi\u00e9jszaka 2019"}]},{"@type":"WebSite","@id":"https:\/\/www.mafsz.hu\/#website","url":"https:\/\/www.mafsz.hu\/","name":"MAFSZ - Magyar F\u00fcggetlen Film \u00e9s Vide\u00f3 Sz\u00f6vets\u00e9g","description":"Magyar F\u00fcggetlen Film \u00e9s Video Sz\u00f6vets\u00e9g","publisher":{"@id":"https:\/\/www.mafsz.hu\/#organization"},"potentialAction":[{"@type":"SearchAction","target":{"@type":"EntryPoint","urlTemplate":"https:\/\/www.mafsz.hu\/?s={search_term_string}"},"query-input":{"@type":"PropertyValueSpecification","valueRequired":true,"valueName":"search_term_string"}}],"inLanguage":"hu"},{"@type":"Organization","@id":"https:\/\/www.mafsz.hu\/#organization","name":"Magyar F\u00fcggetlen Film \u00e9s Video Sz\u00f6vets\u00e9g","url":"https:\/\/www.mafsz.hu\/","logo":{"@type":"ImageObject","inLanguage":"hu","@id":"https:\/\/www.mafsz.hu\/#\/schema\/logo\/image\/","url":"https:\/\/www.mafsz.hu\/wp-content\/uploads\/2019\/01\/Mafszlogo_ff_72dpi_2018.jpg","contentUrl":"https:\/\/www.mafsz.hu\/wp-content\/uploads\/2019\/01\/Mafszlogo_ff_72dpi_2018.jpg","width":724,"height":705,"caption":"Magyar F\u00fcggetlen Film \u00e9s Video Sz\u00f6vets\u00e9g"},"image":{"@id":"https:\/\/www.mafsz.hu\/#\/schema\/logo\/image\/"},"sameAs":["https:\/\/www.facebook.com\/MAFSZ\/","https:\/\/www.instagram.com\/mafsz31","https:\/\/www.youtube.com\/channel\/UC0VaPk-iRomi0S1rTqAlFZg"]},{"@type":"Person","@id":"https:\/\/www.mafsz.hu\/#\/schema\/person\/549621f00f612642da9d7614098127b6","name":"\u00c1d\u00e1m","image":{"@type":"ImageObject","inLanguage":"hu","@id":"https:\/\/www.mafsz.hu\/#\/schema\/person\/image\/","url":"https:\/\/secure.gravatar.com\/avatar\/11851bdb003bd7ae9fda99bf3c88a91b2b9b3e4daf19e1eecae1145adbc699f6?s=96&d=identicon&r=g","contentUrl":"https:\/\/secure.gravatar.com\/avatar\/11851bdb003bd7ae9fda99bf3c88a91b2b9b3e4daf19e1eecae1145adbc699f6?s=96&d=identicon&r=g","caption":"\u00c1d\u00e1m"}}]}},"jetpack_featured_media_url":"https:\/\/www.mafsz.hu\/wp-content\/uploads\/2019\/01\/corvin_moziejszaka2019_04-2ok.jpg","jetpack_sharing_enabled":true,"_links":{"self":[{"href":"https:\/\/www.mafsz.hu\/index.php\/wp-json\/wp\/v2\/posts\/677","targetHints":{"allow":["GET"]}}],"collection":[{"href":"https:\/\/www.mafsz.hu\/index.php\/wp-json\/wp\/v2\/posts"}],"about":[{"href":"https:\/\/www.mafsz.hu\/index.php\/wp-json\/wp\/v2\/types\/post"}],"author":[{"embeddable":true,"href":"https:\/\/www.mafsz.hu\/index.php\/wp-json\/wp\/v2\/users\/1"}],"replies":[{"embeddable":true,"href":"https:\/\/www.mafsz.hu\/index.php\/wp-json\/wp\/v2\/comments?post=677"}],"version-history":[{"count":3,"href":"https:\/\/www.mafsz.hu\/index.php\/wp-json\/wp\/v2\/posts\/677\/revisions"}],"predecessor-version":[{"id":682,"href":"https:\/\/www.mafsz.hu\/index.php\/wp-json\/wp\/v2\/posts\/677\/revisions\/682"}],"wp:featuredmedia":[{"embeddable":true,"href":"https:\/\/www.mafsz.hu\/index.php\/wp-json\/wp\/v2\/media\/681"}],"wp:attachment":[{"href":"https:\/\/www.mafsz.hu\/index.php\/wp-json\/wp\/v2\/media?parent=677"}],"wp:term":[{"taxonomy":"category","embeddable":true,"href":"https:\/\/www.mafsz.hu\/index.php\/wp-json\/wp\/v2\/categories?post=677"},{"taxonomy":"post_tag","embeddable":true,"href":"https:\/\/www.mafsz.hu\/index.php\/wp-json\/wp\/v2\/tags?post=677"}],"curies":[{"name":"wp","href":"https:\/\/api.w.org\/{rel}","templated":true}]}}