{"id":969,"date":"2019-02-11T13:55:00","date_gmt":"2019-02-11T13:55:00","guid":{"rendered":"http:\/\/www.mafsz.hu\/?p=969"},"modified":"2019-02-12T13:54:29","modified_gmt":"2019-02-12T13:54:29","slug":"megujult-a-corvin-mozi","status":"publish","type":"post","link":"https:\/\/www.mafsz.hu\/index.php\/2019\/02\/11\/megujult-a-corvin-mozi\/","title":{"rendered":"Meg\u00fajult a Corvin mozi"},"content":{"rendered":"<p>Alig k\u00e9t h\u00e9t alatt teljesen \u00e1talakult a f\u0151v\u00e1ros patin\u00e1s filmsz\u00ednh\u00e1za, a Corvin mozi.<!--more--><\/p>\n<h3>A hat teremben \u00f6sszesen 1419 sz\u00e9ket cser\u00e9ltek ki, ezeket Olaszorsz\u00e1gb\u00f3l v\u00e1s\u00e1rolta a tulajdonos Budapest Film Zrt. A sz\u00e9kcsere mellett tov\u00e1bbi fel\u00faj\u00edt\u00e1si munk\u00e1k is zajlottak ebben az id\u0151szakban: \u00faj sz\u0151nyegek \u00e9s fali k\u00e1rpit, valamint korszer\u0171bb l\u00e9gkondicion\u00e1l\u00f3 berendez\u00e9s ker\u00fclt az egyes termekbe, \u00fajrafestett\u00e9k a legnagyobb Korda termet, illetve biztons\u00e1gtechnikai fejleszt\u00e9sek is t\u00f6rt\u00e9ntek.<\/h3>\n<p>A 15 \u00e9v ut\u00e1n lecser\u00e9lt sz\u00e9keket a c\u00e9g egy eml\u00e9kezetes akci\u00f3 keretein bel\u00fcl 1000 ft-os jelk\u00e9pes \u00f6sszeg\u00e9rt bocs\u00e1totta \u00e1ruba nemr\u00e9g, \u00edgy t\u00f6bb sz\u00e1z Corvin-rajong\u00f3 juthatott hozz\u00e1 egy darabka t\u00f6rt\u00e9nelemhez, amely kedvenc mozij\u00e1hoz k\u00f6thet\u0151.<\/p>\n<p>A praktikus, illetve k\u00e9nyelmi funkci\u00f3k jelent\u0151s jav\u00edt\u00e1sa mellett a l\u00e1tv\u00e1nyelemek is meg\u00fajultak: a falakon a termek n\u00e9vad\u00f3inak \u00f3ri\u00e1sportr\u00e9i fogadj\u00e1k \u00e9s igaz\u00edtj\u00e1k \u00fatba a l\u00e1togat\u00f3kat. A rajzok Nagy Marianna \u00e9s Csaj\u00e1ghy R\u00e9ka grafikusm\u0171v\u00e9szek munk\u00e1i, el\u0151bbi maga is \u00e9vek \u00f3ta a Corvin mozi munkat\u00e1rsa. A fel\u00faj\u00edt\u00e1s f\u00e1zisait ez id\u0151 alatt a k\u00f6z\u00f6ns\u00e9g egy naponta friss\u00fcl\u0151 fot\u00f3gal\u00e9ri\u00e1ban k\u00f6vethette a mozi Facebook-oldal\u00e1n.<\/p>\n<p>A Budapest Film Zrt. \u00fczemeltet\u00e9se al\u00e1 tartoz\u00f3 mozikban hagyom\u00e1nyosan egy-egy jelent\u0151s sz\u00edn\u00e9sz, rendez\u0151 vagy \u00e9pp film ut\u00e1n kapnak nevet a termek, \u00edgy van ez a Corvin mellett a M\u0171v\u00e9sz, a Puskin \u00e9s a Tab\u00e1n artmozikban is. A Corvin moziban \u00edgy a termek a Korda, a Kabos, a Kar\u00e1dy, a Latab\u00e1r, a J\u00e1vor \u00e9s a Radv\u00e1nyi neveket viselik \u2013 az \u0151 nagyalak\u00fa portr\u00e9i d\u00edsz\u00edtik teh\u00e1t a folyos\u00f3kat az \u00fajj\u00e1var\u00e1zsolt filmsz\u00ednh\u00e1zban.<\/p>\n<p>A teljes fel\u00faj\u00edt\u00e1s k\u00f6zel 100 milli\u00f3 forintba ker\u00fclt, amely \u00f6sszeget a Budapest Film Zrt. saj\u00e1t k\u00f6lts\u00e9gvet\u00e9s\u00e9b\u0151l finansz\u00edrozta.<\/p>\n<h6>A fel\u00faj\u00edtott Corvin els\u0151 jelent\u0151s esem\u00e9nye <a href=\"http:\/\/www.mafsz.hu\/index.php\/2019\/01\/24\/corvin-moziejszaka-2019\/\">a febru\u00e1r 16-i Corvin mozi\u00e9jszaka lesz,<\/a> amikor egy karszalaggal kora est\u00e9t\u0151l m\u00e1snap hajnalig korl\u00e1tlanul lehet filmet n\u00e9zni a moziban.<\/h6>\n                    <style>\n                                            .flickr-img-responsive {\n                            width:100% !important;\n                            height:auto !important;\n                            display:block !important;\n                        }\n                        .LoadingImg img {\n                            max-width: 45px;\n                            max-height: 45px;\n                            box-shadow: none;\n                        }\n                        .wpfrank-flickr-div{\n                            padding:15px;\n                        }\n                        @media (max-width: 786px){\n                            .col-md-3 {\n                                width:49.9%;\n                                float:left;\n                            }\n                        }\n                        .play-pause {\n                            display: none !important;\n                        }\n                        .gallery971 {\n                            overflow:hidden;\n                            clear: both;\n                        }\n                        .fnf{\n                            background-color: #a92929;\n                            border-radius: 5px;\n                            color: #fff;\n                            font-family: initial;\n                            text-align: center;\n                            padding:12px;\n                        }\n                    <\/style>\n                    <script type=\"text\/javascript\">\n                    jQuery(function() {\n                        jQuery('.gallery-971').flickr({\n                            apiKey: 'be23efe5176adf8b68c44d05b2f2ce18',\n                            photosetId: '72157698333322752'\n                        });\n                    });\n\n                    ;(function ($, window, document, undefined) {\n                        'use strict';\n                        var pluginName = \"flickr\",\n                            defaults = {\n                                apiKey: \"\",\n                                photosetId: \"\",\n                                errorText: \"<div class='fnf'><i class='far fa-times-circle'><\/i> Error generating gallery.<\/div>\",\n                                loadingSpeed: 38,\n                                photosLimit: 200\n                            },\n                            apiUrl = 'https:\/\/api.flickr.com\/services\/rest\/',\n                            photos = [];\n\n                        function Plugin(element, options) {\n                            this.element = $(element);\n                            this.settings = $.extend({}, defaults, options);\n                            this._defaults = defaults;\n                            this._name = pluginName;\n\n                            this._hideSpinner = function() {\n                                this.element.find('.spinner-wrapper').hide().find('*').hide();\n                            };\n\n                            this._printError = function() {\n                                this.element.find('.gallery-container').append($(\"<div><\/div>\", { \"class\": \"col-lg-12\" })\n                                    .append($(\"<div><\/div>\", { \"class\": \"error-wrapper\" })\n                                        .append($(\"<span><\/span>\", { \"class\": \"label label-danger error\" })\n                                            .html(this.settings.errorText))));\n                            };\n\n                            this._flickrAnimate = function() {\n                                this.element.find('.gallery-container img').each($.proxy(function(index, el) {\n                                    var image = el;\n                                    setTimeout(function() {\n                                        $(image).parent().fadeIn();\n                                    }, this.settings.loadingSpeed * index);\n                                }, this));\n                            };\n\n                            this._printGallery = function(photos) {\n                                var element = this.element.find('.gallery-container');\n                                if (!photos || photos.length === 0) {\n                                    this._hideSpinner();\n                                    this._printError();\n                                    return;\n                                }\n                                $.each(photos, function(key, photo) {\n                                    if (!photo || !photo.thumbnail) return; \/\/ Skip undefined or invalid photos\n                                    var img = $('<img>', { 'class': 'thumb img-thumbnail flickr-img-responsive', src: photo.thumbnail, 'alt': photo.title });\n                                    element.append($('<div><\/div>', { 'class': ' col-md-3 col-sm-4 col-center wpfrank-flickr-div' })\n                                        .append($('<a><\/a>', { 'class': '', href: photo.href, 'data-gallery': '', 'title': photo.title }).hide()\n                                            .append(img)));\n                                });\n\n                                element.imagesLoaded()\n                                    .done($.proxy(this._flickrAnimate, this))\n                                    .always($.proxy(this._hideSpinner, this));\n                            };\n\n                            this._flickrPhotoset = function(photoset) {\n                                var _this = this;\n                                photos[photoset.id] = [];\n                                $.each(photoset.photo, function(key, photo) {\n                                    if (photo.media !== \"photo\") {\n                                        return true; \/\/ Skip videos\n                                    }\n                                    if (key >= _this.settings.photosLimit) {\n                                        return false;\n                                    }\n                                    photos[photoset.id][key] = {\n                                        thumbnail: 'https:\/\/farm' + photo.farm + '.static.flickr.com\/' + photo.server + '\/' + photo.id + '_' + photo.secret + '_q.jpg',\n                                        href: 'https:\/\/farm' + photo.farm + '.static.flickr.com\/' + photo.server + '\/' + photo.id + '_' + photo.secret + '_b.jpg',\n                                        title: photo.title\n                                    };\n                                });\n\n                                console.log('Filtered photos:', photos[photoset.id]); \/\/ Debug log\n                                if (photos[photoset.id].length > 0) {\n                                    this._printGallery(photos[photoset.id]);\n                                } else {\n                                    this._hideSpinner();\n                                    this._printError();\n                                }\n                            };\n\n                            this._onFlickrResponse = function(response) {\n                                console.log('API Response:', response); \/\/ Debug log\n                                if (response.stat === \"ok\") {\n                                    this._flickrPhotoset(response.photoset);\n                                } else {\n                                    this._hideSpinner();\n                                    this._printError();\n                                }\n                            };\n\n                            this._flickrRequest = function(method, data) {\n                                var url = apiUrl + \"?format=json&jsoncallback=?&method=\" + method + \"&api_key=\" + this.settings.apiKey;\n                                $.each(data, function(key, value) {\n                                    url += \"&\" + key + \"=\" + value;\n                                });\n\n                                $.ajax({\n                                    dataType: \"json\",\n                                    url: url,\n                                    context: this,\n                                    success: this._onFlickrResponse\n                                });\n                            };\n\n                            this._flickrInit = function () {\n                                this._flickrRequest('flickr.photosets.getPhotos', {\n                                    photoset_id: this.settings.photosetId,\n                                    extras: 'media'\n                                });\n                            };\n\n                            this.init();\n                        }\n\n                        Plugin.prototype = {\n                            init: function () {\n                                this._flickrInit();\n                            }\n                        };\n\n                        $.fn[pluginName] = function (options) {\n                            this.each(function () {\n                                if (!$.data(this, \"plugin_\" + pluginName)) {\n                                    $.data(this, \"plugin_\" + pluginName, new Plugin(this, options));\n                                }\n                            });\n                            return this;\n                        };\n                    })(jQuery, window, document);\n                    <\/script>\n                    <div class=\"gallery-971\">\n                                                    <h3>Meg\u00fajult a Corvin mozi<\/h3>\n                                                <div class=\"row\">\n                            <div class=\"col-xs-12 spinner-wrapper\">\n                                <div class=\"LoadingImg\"><img decoding=\"async\" src=\"https:\/\/www.mafsz.hu\/wp-content\/plugins\/flickr-album-gallery\/img\/loading.gif\" \/><\/div>\n                            <\/div>\n                            <div align=\"center\" class=\"gallery-container\"><\/div>\n                        <\/div>\n                    <\/div>\n                    \n            <!-- Blueimp gallery -->\n            <div id=\"blueimp-gallery-971\" class=\"blueimp-gallery blueimp-gallery-controls\">\n                <div class=\"slides\"><\/div>\n                <h3 class=\"title\"><\/h3>\n                <a class=\"prev\">\u2039<\/a>\n                <a class=\"next\">\u203a<\/a>\n                <a class=\"close\">\u00d7<\/a>\n                <a class=\"play-pause\"><\/a>\n                <ol class=\"indicator\"><\/ol>\n                <div class=\"modal fade\">\n                    <div class=\"modal-dialog\">\n                        <div class=\"modal-content\">\n                            <div class=\"modal-header\">\n                                <button type=\"button\" class=\"close\" aria-hidden=\"true\">\u00d7<\/button>\n                                <h4 class=\"modal-title\"><\/h4>\n                            <\/div>\n                            <div class=\"modal-body next\"><\/div>\n                            <div class=\"modal-footer\">\n                                <button type=\"button\" class=\"btn btn-default pull-left prev\">\n                                    <i class=\"glyphicon glyphicon-chevron-left\"><\/i>\n                                    Previous                                <\/button>\n                                <button type=\"button\" class=\"btn btn-primary next\">\n                                    Next                                    <i class=\"glyphicon glyphicon-chevron-right\"><\/i>\n                                <\/button>\n                            <\/div>\n                        <\/div>\n                    <\/div>\n                <\/div>\n            <\/div>\n\n            <script type=\"text\/javascript\">\n            jQuery(function() {\n                jQuery.extend(blueimp.Gallery.prototype.options, {\n                    useBootstrapModal: false,\n                    hidePageScrollbars: false,\n                    container: \"#blueimp-gallery-971\",\n                });\n            });\n            <\/script>\n\n            \n","protected":false},"excerpt":{"rendered":"<p>Alig k\u00e9t h\u00e9t alatt teljesen \u00e1talakult a f\u0151v\u00e1ros patin\u00e1s filmsz\u00ednh\u00e1za, a Corvin mozi.<\/p>\n","protected":false},"author":1,"featured_media":972,"comment_status":"closed","ping_status":"open","sticky":false,"template":"","format":"standard","meta":{"_jetpack_memberships_contains_paid_content":false,"footnotes":""},"categories":[1],"tags":[38,109,16,111,110,25],"class_list":["post-969","post","type-post","status-publish","format-standard","has-post-thumbnail","hentry","category-blog","tag-corvin","tag-felujitas","tag-film","tag-karady","tag-korda","tag-mozi"],"yoast_head":"<!-- This site is optimized with the Yoast SEO plugin v27.0 - https:\/\/yoast.com\/product\/yoast-seo-wordpress\/ -->\n<title>Meg\u00fajult a Corvin mozi - MAFSZ<\/title>\n<meta name=\"description\" content=\"Alig k\u00e9t h\u00e9t alatt teljesen \u00e1talakult a f\u0151v\u00e1ros patin\u00e1s filmsz\u00ednh\u00e1za, a Corvin mozi.\" \/>\n<meta name=\"robots\" content=\"index, follow, max-snippet:-1, max-image-preview:large, max-video-preview:-1\" \/>\n<link rel=\"canonical\" href=\"https:\/\/www.mafsz.hu\/index.php\/2019\/02\/11\/megujult-a-corvin-mozi\/\" \/>\n<meta property=\"og:locale\" content=\"hu_HU\" \/>\n<meta property=\"og:type\" content=\"article\" \/>\n<meta property=\"og:title\" content=\"Meg\u00fajult a Corvin mozi - MAFSZ\" \/>\n<meta property=\"og:description\" content=\"Alig k\u00e9t h\u00e9t alatt teljesen \u00e1talakult a f\u0151v\u00e1ros patin\u00e1s filmsz\u00ednh\u00e1za, a Corvin mozi.\" \/>\n<meta property=\"og:url\" content=\"https:\/\/www.mafsz.hu\/index.php\/2019\/02\/11\/megujult-a-corvin-mozi\/\" \/>\n<meta property=\"og:site_name\" content=\"MAFSZ\" \/>\n<meta property=\"article:publisher\" content=\"https:\/\/www.facebook.com\/MAFSZ\/\" \/>\n<meta property=\"article:published_time\" content=\"2019-02-11T13:55:00+00:00\" \/>\n<meta property=\"article:modified_time\" content=\"2019-02-12T13:54:29+00:00\" \/>\n<meta property=\"og:image\" content=\"https:\/\/www.mafsz.hu\/wp-content\/uploads\/2019\/02\/corvin_moziterem.jpg\" \/>\n\t<meta property=\"og:image:width\" content=\"1920\" \/>\n\t<meta property=\"og:image:height\" content=\"1080\" \/>\n\t<meta property=\"og:image:type\" content=\"image\/jpeg\" \/>\n<meta name=\"author\" content=\"\u00c1d\u00e1m\" \/>\n<meta name=\"twitter:card\" content=\"summary_large_image\" \/>\n<meta name=\"twitter:label1\" content=\"Szerz\u0151:\" \/>\n\t<meta name=\"twitter:data1\" content=\"\u00c1d\u00e1m\" \/>\n\t<meta name=\"twitter:label2\" content=\"Becs\u00fclt olvas\u00e1si id\u0151\" \/>\n\t<meta name=\"twitter:data2\" content=\"2 perc\" \/>\n<script type=\"application\/ld+json\" class=\"yoast-schema-graph\">{\"@context\":\"https:\/\/schema.org\",\"@graph\":[{\"@type\":\"Article\",\"@id\":\"https:\/\/www.mafsz.hu\/index.php\/2019\/02\/11\/megujult-a-corvin-mozi\/#article\",\"isPartOf\":{\"@id\":\"https:\/\/www.mafsz.hu\/index.php\/2019\/02\/11\/megujult-a-corvin-mozi\/\"},\"author\":{\"name\":\"\u00c1d\u00e1m\",\"@id\":\"https:\/\/www.mafsz.hu\/#\/schema\/person\/549621f00f612642da9d7614098127b6\"},\"headline\":\"Meg\u00fajult a Corvin mozi\",\"datePublished\":\"2019-02-11T13:55:00+00:00\",\"dateModified\":\"2019-02-12T13:54:29+00:00\",\"mainEntityOfPage\":{\"@id\":\"https:\/\/www.mafsz.hu\/index.php\/2019\/02\/11\/megujult-a-corvin-mozi\/\"},\"wordCount\":396,\"publisher\":{\"@id\":\"https:\/\/www.mafsz.hu\/#organization\"},\"image\":{\"@id\":\"https:\/\/www.mafsz.hu\/index.php\/2019\/02\/11\/megujult-a-corvin-mozi\/#primaryimage\"},\"thumbnailUrl\":\"https:\/\/www.mafsz.hu\/wp-content\/uploads\/2019\/02\/corvin_moziterem.jpg\",\"keywords\":[\"corvin\",\"fel\u00faj\u00edt\u00e1s\",\"film\",\"kar\u00e1dy\",\"korda\",\"mozi\"],\"articleSection\":[\"Blog\"],\"inLanguage\":\"hu\"},{\"@type\":\"WebPage\",\"@id\":\"https:\/\/www.mafsz.hu\/index.php\/2019\/02\/11\/megujult-a-corvin-mozi\/\",\"url\":\"https:\/\/www.mafsz.hu\/index.php\/2019\/02\/11\/megujult-a-corvin-mozi\/\",\"name\":\"Meg\u00fajult a Corvin mozi - MAFSZ\",\"isPartOf\":{\"@id\":\"https:\/\/www.mafsz.hu\/#website\"},\"primaryImageOfPage\":{\"@id\":\"https:\/\/www.mafsz.hu\/index.php\/2019\/02\/11\/megujult-a-corvin-mozi\/#primaryimage\"},\"image\":{\"@id\":\"https:\/\/www.mafsz.hu\/index.php\/2019\/02\/11\/megujult-a-corvin-mozi\/#primaryimage\"},\"thumbnailUrl\":\"https:\/\/www.mafsz.hu\/wp-content\/uploads\/2019\/02\/corvin_moziterem.jpg\",\"datePublished\":\"2019-02-11T13:55:00+00:00\",\"dateModified\":\"2019-02-12T13:54:29+00:00\",\"description\":\"Alig k\u00e9t h\u00e9t alatt teljesen \u00e1talakult a f\u0151v\u00e1ros patin\u00e1s filmsz\u00ednh\u00e1za, a Corvin mozi.\",\"breadcrumb\":{\"@id\":\"https:\/\/www.mafsz.hu\/index.php\/2019\/02\/11\/megujult-a-corvin-mozi\/#breadcrumb\"},\"inLanguage\":\"hu\",\"potentialAction\":[{\"@type\":\"ReadAction\",\"target\":[\"https:\/\/www.mafsz.hu\/index.php\/2019\/02\/11\/megujult-a-corvin-mozi\/\"]}]},{\"@type\":\"ImageObject\",\"inLanguage\":\"hu\",\"@id\":\"https:\/\/www.mafsz.hu\/index.php\/2019\/02\/11\/megujult-a-corvin-mozi\/#primaryimage\",\"url\":\"https:\/\/www.mafsz.hu\/wp-content\/uploads\/2019\/02\/corvin_moziterem.jpg\",\"contentUrl\":\"https:\/\/www.mafsz.hu\/wp-content\/uploads\/2019\/02\/corvin_moziterem.jpg\",\"width\":1920,\"height\":1080},{\"@type\":\"BreadcrumbList\",\"@id\":\"https:\/\/www.mafsz.hu\/index.php\/2019\/02\/11\/megujult-a-corvin-mozi\/#breadcrumb\",\"itemListElement\":[{\"@type\":\"ListItem\",\"position\":1,\"name\":\"Home\",\"item\":\"https:\/\/www.mafsz.hu\/\"},{\"@type\":\"ListItem\",\"position\":2,\"name\":\"Meg\u00fajult a Corvin mozi\"}]},{\"@type\":\"WebSite\",\"@id\":\"https:\/\/www.mafsz.hu\/#website\",\"url\":\"https:\/\/www.mafsz.hu\/\",\"name\":\"MAFSZ - Magyar F\u00fcggetlen Film \u00e9s Vide\u00f3 Sz\u00f6vets\u00e9g\",\"description\":\"Magyar F\u00fcggetlen Film \u00e9s Video Sz\u00f6vets\u00e9g\",\"publisher\":{\"@id\":\"https:\/\/www.mafsz.hu\/#organization\"},\"potentialAction\":[{\"@type\":\"SearchAction\",\"target\":{\"@type\":\"EntryPoint\",\"urlTemplate\":\"https:\/\/www.mafsz.hu\/?s={search_term_string}\"},\"query-input\":{\"@type\":\"PropertyValueSpecification\",\"valueRequired\":true,\"valueName\":\"search_term_string\"}}],\"inLanguage\":\"hu\"},{\"@type\":\"Organization\",\"@id\":\"https:\/\/www.mafsz.hu\/#organization\",\"name\":\"Magyar F\u00fcggetlen Film \u00e9s Video Sz\u00f6vets\u00e9g\",\"url\":\"https:\/\/www.mafsz.hu\/\",\"logo\":{\"@type\":\"ImageObject\",\"inLanguage\":\"hu\",\"@id\":\"https:\/\/www.mafsz.hu\/#\/schema\/logo\/image\/\",\"url\":\"https:\/\/www.mafsz.hu\/wp-content\/uploads\/2019\/01\/Mafszlogo_ff_72dpi_2018.jpg\",\"contentUrl\":\"https:\/\/www.mafsz.hu\/wp-content\/uploads\/2019\/01\/Mafszlogo_ff_72dpi_2018.jpg\",\"width\":724,\"height\":705,\"caption\":\"Magyar F\u00fcggetlen Film \u00e9s Video Sz\u00f6vets\u00e9g\"},\"image\":{\"@id\":\"https:\/\/www.mafsz.hu\/#\/schema\/logo\/image\/\"},\"sameAs\":[\"https:\/\/www.facebook.com\/MAFSZ\/\",\"https:\/\/www.instagram.com\/mafsz31\",\"https:\/\/www.youtube.com\/channel\/UC0VaPk-iRomi0S1rTqAlFZg\"]},{\"@type\":\"Person\",\"@id\":\"https:\/\/www.mafsz.hu\/#\/schema\/person\/549621f00f612642da9d7614098127b6\",\"name\":\"\u00c1d\u00e1m\",\"image\":{\"@type\":\"ImageObject\",\"inLanguage\":\"hu\",\"@id\":\"https:\/\/www.mafsz.hu\/#\/schema\/person\/image\/\",\"url\":\"https:\/\/secure.gravatar.com\/avatar\/11851bdb003bd7ae9fda99bf3c88a91b2b9b3e4daf19e1eecae1145adbc699f6?s=96&d=identicon&r=g\",\"contentUrl\":\"https:\/\/secure.gravatar.com\/avatar\/11851bdb003bd7ae9fda99bf3c88a91b2b9b3e4daf19e1eecae1145adbc699f6?s=96&d=identicon&r=g\",\"caption\":\"\u00c1d\u00e1m\"}}]}<\/script>\n<!-- \/ Yoast SEO plugin. -->","yoast_head_json":{"title":"Meg\u00fajult a Corvin mozi - MAFSZ","description":"Alig k\u00e9t h\u00e9t alatt teljesen \u00e1talakult a f\u0151v\u00e1ros patin\u00e1s filmsz\u00ednh\u00e1za, a Corvin mozi.","robots":{"index":"index","follow":"follow","max-snippet":"max-snippet:-1","max-image-preview":"max-image-preview:large","max-video-preview":"max-video-preview:-1"},"canonical":"https:\/\/www.mafsz.hu\/index.php\/2019\/02\/11\/megujult-a-corvin-mozi\/","og_locale":"hu_HU","og_type":"article","og_title":"Meg\u00fajult a Corvin mozi - MAFSZ","og_description":"Alig k\u00e9t h\u00e9t alatt teljesen \u00e1talakult a f\u0151v\u00e1ros patin\u00e1s filmsz\u00ednh\u00e1za, a Corvin mozi.","og_url":"https:\/\/www.mafsz.hu\/index.php\/2019\/02\/11\/megujult-a-corvin-mozi\/","og_site_name":"MAFSZ","article_publisher":"https:\/\/www.facebook.com\/MAFSZ\/","article_published_time":"2019-02-11T13:55:00+00:00","article_modified_time":"2019-02-12T13:54:29+00:00","og_image":[{"width":1920,"height":1080,"url":"https:\/\/www.mafsz.hu\/wp-content\/uploads\/2019\/02\/corvin_moziterem.jpg","type":"image\/jpeg"}],"author":"\u00c1d\u00e1m","twitter_card":"summary_large_image","twitter_misc":{"Szerz\u0151:":"\u00c1d\u00e1m","Becs\u00fclt olvas\u00e1si id\u0151":"2 perc"},"schema":{"@context":"https:\/\/schema.org","@graph":[{"@type":"Article","@id":"https:\/\/www.mafsz.hu\/index.php\/2019\/02\/11\/megujult-a-corvin-mozi\/#article","isPartOf":{"@id":"https:\/\/www.mafsz.hu\/index.php\/2019\/02\/11\/megujult-a-corvin-mozi\/"},"author":{"name":"\u00c1d\u00e1m","@id":"https:\/\/www.mafsz.hu\/#\/schema\/person\/549621f00f612642da9d7614098127b6"},"headline":"Meg\u00fajult a Corvin mozi","datePublished":"2019-02-11T13:55:00+00:00","dateModified":"2019-02-12T13:54:29+00:00","mainEntityOfPage":{"@id":"https:\/\/www.mafsz.hu\/index.php\/2019\/02\/11\/megujult-a-corvin-mozi\/"},"wordCount":396,"publisher":{"@id":"https:\/\/www.mafsz.hu\/#organization"},"image":{"@id":"https:\/\/www.mafsz.hu\/index.php\/2019\/02\/11\/megujult-a-corvin-mozi\/#primaryimage"},"thumbnailUrl":"https:\/\/www.mafsz.hu\/wp-content\/uploads\/2019\/02\/corvin_moziterem.jpg","keywords":["corvin","fel\u00faj\u00edt\u00e1s","film","kar\u00e1dy","korda","mozi"],"articleSection":["Blog"],"inLanguage":"hu"},{"@type":"WebPage","@id":"https:\/\/www.mafsz.hu\/index.php\/2019\/02\/11\/megujult-a-corvin-mozi\/","url":"https:\/\/www.mafsz.hu\/index.php\/2019\/02\/11\/megujult-a-corvin-mozi\/","name":"Meg\u00fajult a Corvin mozi - MAFSZ","isPartOf":{"@id":"https:\/\/www.mafsz.hu\/#website"},"primaryImageOfPage":{"@id":"https:\/\/www.mafsz.hu\/index.php\/2019\/02\/11\/megujult-a-corvin-mozi\/#primaryimage"},"image":{"@id":"https:\/\/www.mafsz.hu\/index.php\/2019\/02\/11\/megujult-a-corvin-mozi\/#primaryimage"},"thumbnailUrl":"https:\/\/www.mafsz.hu\/wp-content\/uploads\/2019\/02\/corvin_moziterem.jpg","datePublished":"2019-02-11T13:55:00+00:00","dateModified":"2019-02-12T13:54:29+00:00","description":"Alig k\u00e9t h\u00e9t alatt teljesen \u00e1talakult a f\u0151v\u00e1ros patin\u00e1s filmsz\u00ednh\u00e1za, a Corvin mozi.","breadcrumb":{"@id":"https:\/\/www.mafsz.hu\/index.php\/2019\/02\/11\/megujult-a-corvin-mozi\/#breadcrumb"},"inLanguage":"hu","potentialAction":[{"@type":"ReadAction","target":["https:\/\/www.mafsz.hu\/index.php\/2019\/02\/11\/megujult-a-corvin-mozi\/"]}]},{"@type":"ImageObject","inLanguage":"hu","@id":"https:\/\/www.mafsz.hu\/index.php\/2019\/02\/11\/megujult-a-corvin-mozi\/#primaryimage","url":"https:\/\/www.mafsz.hu\/wp-content\/uploads\/2019\/02\/corvin_moziterem.jpg","contentUrl":"https:\/\/www.mafsz.hu\/wp-content\/uploads\/2019\/02\/corvin_moziterem.jpg","width":1920,"height":1080},{"@type":"BreadcrumbList","@id":"https:\/\/www.mafsz.hu\/index.php\/2019\/02\/11\/megujult-a-corvin-mozi\/#breadcrumb","itemListElement":[{"@type":"ListItem","position":1,"name":"Home","item":"https:\/\/www.mafsz.hu\/"},{"@type":"ListItem","position":2,"name":"Meg\u00fajult a Corvin mozi"}]},{"@type":"WebSite","@id":"https:\/\/www.mafsz.hu\/#website","url":"https:\/\/www.mafsz.hu\/","name":"MAFSZ - Magyar F\u00fcggetlen Film \u00e9s Vide\u00f3 Sz\u00f6vets\u00e9g","description":"Magyar F\u00fcggetlen Film \u00e9s Video Sz\u00f6vets\u00e9g","publisher":{"@id":"https:\/\/www.mafsz.hu\/#organization"},"potentialAction":[{"@type":"SearchAction","target":{"@type":"EntryPoint","urlTemplate":"https:\/\/www.mafsz.hu\/?s={search_term_string}"},"query-input":{"@type":"PropertyValueSpecification","valueRequired":true,"valueName":"search_term_string"}}],"inLanguage":"hu"},{"@type":"Organization","@id":"https:\/\/www.mafsz.hu\/#organization","name":"Magyar F\u00fcggetlen Film \u00e9s Video Sz\u00f6vets\u00e9g","url":"https:\/\/www.mafsz.hu\/","logo":{"@type":"ImageObject","inLanguage":"hu","@id":"https:\/\/www.mafsz.hu\/#\/schema\/logo\/image\/","url":"https:\/\/www.mafsz.hu\/wp-content\/uploads\/2019\/01\/Mafszlogo_ff_72dpi_2018.jpg","contentUrl":"https:\/\/www.mafsz.hu\/wp-content\/uploads\/2019\/01\/Mafszlogo_ff_72dpi_2018.jpg","width":724,"height":705,"caption":"Magyar F\u00fcggetlen Film \u00e9s Video Sz\u00f6vets\u00e9g"},"image":{"@id":"https:\/\/www.mafsz.hu\/#\/schema\/logo\/image\/"},"sameAs":["https:\/\/www.facebook.com\/MAFSZ\/","https:\/\/www.instagram.com\/mafsz31","https:\/\/www.youtube.com\/channel\/UC0VaPk-iRomi0S1rTqAlFZg"]},{"@type":"Person","@id":"https:\/\/www.mafsz.hu\/#\/schema\/person\/549621f00f612642da9d7614098127b6","name":"\u00c1d\u00e1m","image":{"@type":"ImageObject","inLanguage":"hu","@id":"https:\/\/www.mafsz.hu\/#\/schema\/person\/image\/","url":"https:\/\/secure.gravatar.com\/avatar\/11851bdb003bd7ae9fda99bf3c88a91b2b9b3e4daf19e1eecae1145adbc699f6?s=96&d=identicon&r=g","contentUrl":"https:\/\/secure.gravatar.com\/avatar\/11851bdb003bd7ae9fda99bf3c88a91b2b9b3e4daf19e1eecae1145adbc699f6?s=96&d=identicon&r=g","caption":"\u00c1d\u00e1m"}}]}},"jetpack_featured_media_url":"https:\/\/www.mafsz.hu\/wp-content\/uploads\/2019\/02\/corvin_moziterem.jpg","jetpack_sharing_enabled":true,"_links":{"self":[{"href":"https:\/\/www.mafsz.hu\/index.php\/wp-json\/wp\/v2\/posts\/969","targetHints":{"allow":["GET"]}}],"collection":[{"href":"https:\/\/www.mafsz.hu\/index.php\/wp-json\/wp\/v2\/posts"}],"about":[{"href":"https:\/\/www.mafsz.hu\/index.php\/wp-json\/wp\/v2\/types\/post"}],"author":[{"embeddable":true,"href":"https:\/\/www.mafsz.hu\/index.php\/wp-json\/wp\/v2\/users\/1"}],"replies":[{"embeddable":true,"href":"https:\/\/www.mafsz.hu\/index.php\/wp-json\/wp\/v2\/comments?post=969"}],"version-history":[{"count":4,"href":"https:\/\/www.mafsz.hu\/index.php\/wp-json\/wp\/v2\/posts\/969\/revisions"}],"predecessor-version":[{"id":1000,"href":"https:\/\/www.mafsz.hu\/index.php\/wp-json\/wp\/v2\/posts\/969\/revisions\/1000"}],"wp:featuredmedia":[{"embeddable":true,"href":"https:\/\/www.mafsz.hu\/index.php\/wp-json\/wp\/v2\/media\/972"}],"wp:attachment":[{"href":"https:\/\/www.mafsz.hu\/index.php\/wp-json\/wp\/v2\/media?parent=969"}],"wp:term":[{"taxonomy":"category","embeddable":true,"href":"https:\/\/www.mafsz.hu\/index.php\/wp-json\/wp\/v2\/categories?post=969"},{"taxonomy":"post_tag","embeddable":true,"href":"https:\/\/www.mafsz.hu\/index.php\/wp-json\/wp\/v2\/tags?post=969"}],"curies":[{"name":"wp","href":"https:\/\/api.w.org\/{rel}","templated":true}]}}